{"id":449274,"date":"2016-12-15T11:53:16","date_gmt":"2016-12-15T17:53:16","guid":{"rendered":"https:\/\/www.futboltotal.com.mx\/?p=449274"},"modified":"2016-12-15T11:54:29","modified_gmt":"2016-12-15T17:54:29","slug":"michael-arroyo-saldria-del-america","status":"publish","type":"post","link":"http:\/\/desarrollo.grupomedios.com\/futbol\/futbol-mexicano\/michael-arroyo-saldria-del-america\/2016\/12","title":{"rendered":"Michael Arroyo saldr\u00eda del Am\u00e9rica"},"content":{"rendered":"<p>Mientras el <strong>Am\u00e9rica<\/strong> se encuentra en Jap\u00f3n a la espera de disputar el partido por el tercer lugar en el Mundial de Clubes, en Ecuador se habla de la posible salida del delantero<strong> Michael Arroyo<\/strong>, quien dejar\u00eda al club para el Clausura 2017.<\/p>\n<p>\u201cMichael Arroyo se va del Am\u00e9rica de M\u00e9xico, yo s\u00ed s\u00e9 a d\u00f3nde se va, pero no dir\u00e9 nada, es una sorpresa\u201d, declar\u00f3 el vicepresidente del Barcelona de Guayaquil, Alberto Alfaro Moreno a la estaci\u00f3n\u00a0\u00a0<em>Radio Super K-800 de Ecuador.\u00a0<\/em><\/p>\n<p style=\"text-align: center;\"><a href=\"https:\/\/www.futboltotal.com.mx\/2016\/12\/futbol-estufa-rumbo-clausura-2017-liga-mx\/\"><span style=\"color: #3366ff;\">LEER M\u00c1S: Altas, bajas y rumores del Clausura 2017<\/span><\/a><\/p>\n<p>Desde el hace dos torneos se ha manejado la posibilidad de que <strong>Michael Arroyo<\/strong> cambie de equipo; sin embargo en ambas ocasiones el presidente del club, Ricardo Pel\u00e1ez, ha desmentido las versiones. De hecho una de ellas fue para la misma emisora ecuatoriana.<\/p>\n<p>Al estar enplena disputa por el Mundial de Clubes, Am\u00e9rica recibi\u00f3 una pr\u00f3rroga para contratar jugadores hasta el 29 de diciembre pr\u00f3ximo. Por lo que ser\u00e1 tras la disputa de la final navide\u00f1a ante Tigres, que definir\u00e1 qu\u00e9 pasar\u00e1 con el extremo ecuatoriano, quien aun tiene seis meses de contrato.<\/p>\n<p><strong>Arroyo<\/strong> fue uno de los ocho refuerzos que fich\u00f3 Am\u00e9rica para el Apertura 2014 y, pese a que ha hecho goles importantes y ha sido clave en el club, su rol es de un recambio de lujo. En el Apertura 2016 estuvo lesionado en las tres primeras jornadas y al final acab\u00f3 con solo 578 minutos de liga disputados -fue su cuota m\u00e1s baja en su paso por Am\u00e9rica.<\/p>\n<p>&nbsp;<\/p>\n<p>&nbsp;<\/p>\n","protected":false},"excerpt":{"rendered":"<p>En Ecuador afirman que cambiar\u00e1 de club para el pr\u00f3ximo semestre.<\/p>\n","protected":false},"author":20,"featured_media":449288,"comment_status":"closed","ping_status":"closed","sticky":false,"template":"","format":"standard","meta":[],"categories":[2198,3845],"tags":[5959,4775],"_links":{"self":[{"href":"http:\/\/desarrollo.grupomedios.com\/futbol\/wp-json\/wp\/v2\/posts\/449274"}],"collection":[{"href":"http:\/\/desarrollo.grupomedios.com\/futbol\/wp-json\/wp\/v2\/posts"}],"about":[{"href":"http:\/\/desarrollo.grupomedios.com\/futbol\/wp-json\/wp\/v2\/types\/post"}],"author":[{"embeddable":true,"href":"http:\/\/desarrollo.grupomedios.com\/futbol\/wp-json\/wp\/v2\/users\/20"}],"replies":[{"embeddable":true,"href":"http:\/\/desarrollo.grupomedios.com\/futbol\/wp-json\/wp\/v2\/comments?post=449274"}],"version-history":[{"count":0,"href":"http:\/\/desarrollo.grupomedios.com\/futbol\/wp-json\/wp\/v2\/posts\/449274\/revisions"}],"wp:featuredmedia":[{"embeddable":true,"href":"http:\/\/desarrollo.grupomedios.com\/futbol\/wp-json\/wp\/v2\/media\/449288"}],"wp:attachment":[{"href":"http:\/\/desarrollo.grupomedios.com\/futbol\/wp-json\/wp\/v2\/media?parent=449274"}],"wp:term":[{"taxonomy":"category","embeddable":true,"href":"http:\/\/desarrollo.grupomedios.com\/futbol\/wp-json\/wp\/v2\/categories?post=449274"},{"taxonomy":"post_tag","embeddable":true,"href":"http:\/\/desarrollo.grupomedios.com\/futbol\/wp-json\/wp\/v2\/tags?post=449274"}],"curies":[{"name":"wp","href":"https:\/\/api.w.org\/{rel}","templated":true}]}}