{"id":449279,"date":"2016-12-15T12:43:11","date_gmt":"2016-12-15T18:43:11","guid":{"rendered":"https:\/\/www.futboltotal.com.mx\/?p=449279"},"modified":"2016-12-15T12:43:26","modified_gmt":"2016-12-15T18:43:26","slug":"se-anuncian-candidatos-a-premios-concacaf","status":"publish","type":"post","link":"http:\/\/desarrollo.grupomedios.com\/futbol\/futbol-mexicano\/se-anuncian-candidatos-a-premios-concacaf\/2016\/12","title":{"rendered":"Se anuncian candidatos a los Premios CONCACAF"},"content":{"rendered":"<p>La <strong>CONCACAF<\/strong> ya anunci\u00f3 a los candidatos para los premios y el inicio de la votaci\u00f3n que otorga el reconocimiento a los jugadores, \u00e1rbitros y entrenadores que mejor hicieron su trabajo durante el a\u00f1o.<\/p>\n<p>La Confederaci\u00f3n reconocer\u00e1 a los jugadores que hayan participado en cualquier torneo organizado por la federaci\u00f3n, adem\u00e1s de <strong>Copas Mundiales<\/strong> tanto de hombres, como de mujeres. Tambi\u00e9n son elegibles los logros conseguidos en las ligas locales de las Asociaciones miembros de la <strong>CONCACAF<\/strong>; as\u00ed como la <strong>Concachampions.\u00a0<\/strong><\/p>\n<p style=\"text-align: center;\"><span style=\"color: #3366ff;\"><a style=\"color: #3366ff;\" href=\"https:\/\/www.futboltotal.com.mx\/2016\/12\/paco-jemez-solicitado-llegada-giovinco\/\" target=\"_blank\">LEER M\u00c1S: Paco J\u00e9mez ha solicitado la llegada de Giovinco<\/a><\/span><\/p>\n<p>La Federaci\u00f3n tambi\u00e9n aclar\u00f3 que los jugadores de otras nacionalidades tambi\u00e9n pueden ser candidatos, siempre y cuando cumplan con las siguientes caracter\u00edsticas:<\/p>\n<ul>\n<li>Haber jugado\/entrenado\/arbitrado en un torneo oficial de CONCACAF a nivel nacional o clubes;<\/li>\n<li>Haber jugado\/entrenado\/arbitrado a un equipo nacional miembro de CONCACAF en una competici\u00f3n internacional de la FIFA;<\/li>\n<li>Haber jugado\/entrenado\/arbitrado en una liga nacional en el territorio de CONCACAF.<\/li>\n<li>Un jugador\/entrenador\/\u00e1rbitro de la regi\u00f3n de CONCACAF, que no cumple con los criterios anteriores (es decir, un jugador el cual solo particip\u00f3 en una liga europea o asi\u00e1tica, etc.), no ser\u00eda elegible.<\/li>\n<li>\u00danicamente los goles anotados en competiciones oficiales de CONCACAF, FIFA o una de las ligas dentro de CONCACAF ser\u00e1n elegibles para el Gol del A\u00f1o.<\/li>\n<li>Los votantes deben basar sus decisiones \u00fanicamente en las actuaciones en las competiciones realizadas durante el 2016.<\/li>\n<\/ul>\n<p>Entre cada categor\u00eda hay varios Nominados por parte de M\u00e9xico, ya sea jugadores nacidos en nuestro pa\u00eds o extranjeros que militan en la Liga MX. Aqu\u00ed te dejamos cada categor\u00eda.<\/p>\n<ul>\n<li><strong>Jugador del A\u00f1o<\/strong><\/li>\n<\/ul>\n<p><strong>Hirving Lozano,\u00a0<\/strong><strong>Javier Hern\u00e1ndez<\/strong>, <strong>Rubens Sambueza<\/strong>, \u00a0Keylor Navas, Wes Morgan, Bryan Ru\u00edz, Christian Bola\u00f1os, Christian Pulisic, Clint Dempsey y Romell Quioto.<\/p>\n<ul>\n<li><strong>Jugadora del A\u00f1o<\/strong><\/li>\n<\/ul>\n<p>Alex Morgan, Becky Sauerbunn, Carli Lloyd, Christine Sinclair, Crystal Dunn, Janinie Beckie, Karla Villalobos, Mallory Pugh, Shirley Cruz y Tobin Heath.<\/p>\n<ul>\n<li><strong>Portero del A\u00f1o<\/strong><\/li>\n<\/ul>\n<p><strong>Alfredo Talavera,\u00a0<\/strong>Brad Guzan,\u00a0<strong>Guillermo Ochoa,\u00a0<\/strong>Jaime Penedo, Keylor Navas, Luis L\u00f3pez, Miguel Lloyd, Milan Borjan, Nahuel Guzm\u00e1n y Tim Howard.<\/p>\n<ul>\n<li><strong>Portera del A\u00f1o<\/strong><\/li>\n<\/ul>\n<p>Alyssa Naeher, Ashlyn Harris,\u00a0<strong>Cecilia Santiago,\u00a0<\/strong>Dinnia Diaz, Erin Mcleod, Kimika Forbes, Michelle Betos, Sabrina D&#8217;Angelo, Stephanie Labb\u00e9 y Yoselin Franco.<\/p>\n<ul>\n<li><strong>Entrenador del A\u00f1o<\/strong><\/li>\n<\/ul>\n<p>Bruce Arenas, Diego Alonso, Hern\u00e1n Dar\u00edo G\u00f3mez, Jorge Luis Pinto,\u00a0<strong>Juan Carlos Osorio,\u00a0<\/strong>Miguel Herrera, Oscar Pareja, Oscar Ram\u00edrez,\u00a0<strong>Ricardo Ferretti\u00a0<\/strong>y Sergio Guzm\u00e1n.<\/p>\n<ul>\n<li><strong>Entrenadora del A\u00f1o<\/strong><\/li>\n<\/ul>\n<p>Amelia Valverde, Jill Ellis, Laura Harvey y Michelle French.<\/p>\n<ul>\n<li><strong>\u00c1rbitro del A\u00f1o<\/strong><\/li>\n<\/ul>\n<p><strong>C\u00e9sar Arturo Ramos,<\/strong>\u00a0Jhon Pitti, Joe Fletcher, Joel Aguilar,\u00a0<strong>Jos\u00e9 Luis Camargo,\u00a0<\/strong>Leonel Leal, Mark Geiger, Ricardo Montero,\u00a0<strong>Roberto Garc\u00eda\u00a0<\/strong>y Walter L\u00f3pez.<\/p>\n<ul>\n<li><strong>Arbitra del A\u00f1o<\/strong><\/li>\n<\/ul>\n<p><strong>\u00a0<\/strong>Carol Anne Chenard, Ekatarina Koroleva, Kimberly Moreira, Marie Soleil Beaudoin, Maurees Skeete, Melissa Borjas Pastrana, Mirian Leon, Princess Brown,\u00a0<strong>Quetzalli Alvarado\u00a0<\/strong>y Shirley Perello.<\/p>\n<ul>\n<li><strong>Defensor del A\u00f1o<\/strong><\/li>\n<\/ul>\n<p>Adam Straith, Cristian Gamboa, Felipe Baloy,\u00a0<strong>H\u00e9ctor Moreno,\u00a0<\/strong>John Brooks, Maynor Figueroa,\u00a0<strong>Miguel Lay\u00fan, Rafael M\u00e1rquez,\u00a0<\/strong>Ronald Matarrita y Wes Morgan.<\/p>\n<ul>\n<li><strong>Defensa del A\u00f1o<\/strong><\/li>\n<\/ul>\n<p>Ali Kreiger,\u00a0<strong>Alina Garciamendez,\u00a0<\/strong>Ashley Lawrence, Allysha Champman, Becky Sauerbrunn, Julie Johnstone, Kadeisha Buchanan, Kelley O&#8217;Hara, Meghan Klingenberg y Shelina Zadorski<\/p>\n<ul>\n<li><strong>Medio del A\u00f1o<\/strong><\/li>\n<\/ul>\n<p><strong>Andr\u00e9s Guardado,\u00a0<\/strong>Atiba Hutchinson, Christian Bola\u00f1os, Christian Pulisic, <strong>Giovani Dos Santos, H\u00e9ctor Herrera, Hirving Lozano, Jes\u00fas Corona,\u00a0<\/strong>Nicol\u00e1s Lodeiro y\u00a0<strong>Rubens Sambueza.\u00a0<\/strong><\/p>\n<ul>\n<li><strong>Media del A\u00f1o<\/strong><\/li>\n<\/ul>\n<p>Carli Lloyd, Desiree Scot, Diana Matheson, Gloriana Villalobos, Jessie Fleming, Megan Rapinoe, Morgan Brian, Shirley Cruz, Sophie Schmidt y Tobin Heath.<\/p>\n<ul>\n<li><strong>Delantero del A\u00f1o<\/strong><\/li>\n<\/ul>\n<p><strong>Andr\u00e9-Pierre Gignac,\u00a0<\/strong>Bobby Wood,\u00a0Bradley Wright-Phillips,\u00a0Bryan Ruiz,\u00a0Clint Dempsey,\u00a0Gino van Kessel,\u00a0<strong>Javier Hern\u00e1ndez,\u00a0<\/strong>Jozy Altidore,\u00a0<strong>Oribe Peralta<\/strong> y\u00a0Romell Quioto.<\/p>\n<ul>\n<li><strong>Delantera del A\u00f1o<\/strong><\/li>\n<\/ul>\n<p>Alex Morgan,\u00a0Christen Press,\u00a0Christine Sinclair,\u00a0Crystal Dunn,\u00a0Deanne Rose,\u00a0Janine Beckie,\u00a0Karla Villalobos,\u00a0Mallory Pugh,\u00a0Melissa Tancredi y\u00a0Raquel Rodr\u00edguez Cede\u00f1o.<\/p>\n<p>Tambi\u00e9n puedes <a href=\"http:\/\/www.concacaf.com\/es\/?post_type=poll&amp;p=120225\" target=\"_blank\">votar<\/a> por el mejor gol del a\u00f1o, en donde participan\u00a0<strong>Eduardo Herrera y Jes\u00fas Corona.\u00a0<\/strong><\/p>\n<p>S\u00edguenos en Twitter: <a href=\"https:\/\/twitter.com\/MXFutbolTotal\" target=\"_blank\">@MXFutbolTotal<\/a><\/p>\n","protected":false},"excerpt":{"rendered":"<p>Dos mexicanos compiten por ser el mejor jugador de la zona. <\/p>\n","protected":false},"author":20,"featured_media":449316,"comment_status":"closed","ping_status":"closed","sticky":false,"template":"","format":"standard","meta":[],"categories":[3839,2198,3845,5951],"tags":[282,3182,213,310,65,625],"_links":{"self":[{"href":"http:\/\/desarrollo.grupomedios.com\/futbol\/wp-json\/wp\/v2\/posts\/449279"}],"collection":[{"href":"http:\/\/desarrollo.grupomedios.com\/futbol\/wp-json\/wp\/v2\/posts"}],"about":[{"href":"http:\/\/desarrollo.grupomedios.com\/futbol\/wp-json\/wp\/v2\/types\/post"}],"author":[{"embeddable":true,"href":"http:\/\/desarrollo.grupomedios.com\/futbol\/wp-json\/wp\/v2\/users\/20"}],"replies":[{"embeddable":true,"href":"http:\/\/desarrollo.grupomedios.com\/futbol\/wp-json\/wp\/v2\/comments?post=449279"}],"version-history":[{"count":0,"href":"http:\/\/desarrollo.grupomedios.com\/futbol\/wp-json\/wp\/v2\/posts\/449279\/revisions"}],"wp:featuredmedia":[{"embeddable":true,"href":"http:\/\/desarrollo.grupomedios.com\/futbol\/wp-json\/wp\/v2\/media\/449316"}],"wp:attachment":[{"href":"http:\/\/desarrollo.grupomedios.com\/futbol\/wp-json\/wp\/v2\/media?parent=449279"}],"wp:term":[{"taxonomy":"category","embeddable":true,"href":"http:\/\/desarrollo.grupomedios.com\/futbol\/wp-json\/wp\/v2\/categories?post=449279"},{"taxonomy":"post_tag","embeddable":true,"href":"http:\/\/desarrollo.grupomedios.com\/futbol\/wp-json\/wp\/v2\/tags?post=449279"}],"curies":[{"name":"wp","href":"https:\/\/api.w.org\/{rel}","templated":true}]}}