{"id":449287,"date":"2016-12-15T12:36:54","date_gmt":"2016-12-15T18:36:54","guid":{"rendered":"https:\/\/www.futboltotal.com.mx\/?p=449287"},"modified":"2016-12-15T12:45:13","modified_gmt":"2016-12-15T18:45:13","slug":"le-adverti-a-zlatan-ibrahimovic-no-ir-a-inglaterra-dia-campo-mourinho","status":"publish","type":"post","link":"http:\/\/desarrollo.grupomedios.com\/futbol\/futbol-internacional\/le-adverti-a-zlatan-ibrahimovic-no-ir-a-inglaterra-dia-campo-mourinho\/2016\/12","title":{"rendered":"Le advert\u00ed a Zlatan que Inglaterra no ser\u00eda un d\u00eda de campo: Mou"},"content":{"rendered":"<p>Jos\u00e9 Mourinho, el director t\u00e9cnico del Manchester United, revel\u00f3 la advertencia que le hizo al delantero sueco <strong>Zlatan Ibrahimovic<\/strong> antes de fichar por los <em>Red Devils<\/em>, sobre no ir a Inglaterra si quer\u00eda relajarse en el tramo final de su carrera.<\/p>\n<p>&#8220;Sab\u00eda de su caracter a su edad, su personalidad, la pasi\u00f3n con la que juega, su calidad. Sab\u00eda que <strong>Zlatan<\/strong> pod\u00eda hacer lo que est\u00e1 haciendo aqu\u00ed, con mucha pasi\u00f3n&#8221;, dijo <em>The Special One\u00a0<\/em>a medios ingleses. Luego precis\u00f3: &#8220;Le dije que Inglaterra no es el mejor lugar para vacacionar. Cuando un hombre rico con una carrera fenomenal quiere pasar un d\u00eda de campo, no viene a este pa\u00eds&#8221;.<\/p>\n<p style=\"text-align: center;\"><a href=\"https:\/\/www.futboltotal.com.mx\/2016\/12\/mensaje-del-real-madrid-mexico\/\"><span style=\"color: #3366ff;\">LEER M\u00c1S: El mensaje del Real Madrid para M\u00e9xico\u2026<\/span><\/a><\/p>\n<p>El t\u00e9cnico del Manchester revel\u00f3 m\u00e1s sobre la advertencia que le hizo a la estrella sueca: &#8220;Si vienes a Inglaterra es porque quieres estar en la liga m\u00e1s dif\u00edcil del mundo y porque quieres demostrarte a ti mismo de lo que puedes hacer&#8221;.<\/p>\n<p><strong>Ibrahimovic<\/strong> marc\u00f3 el gol del triunfo por 2-1 de los <em>Red Devils<\/em> sobre el Crystal Palace, el mi\u00e9rcoles por la noche, su tanto 14 en todas las competiciones en lo que va de la temporada 2016-17, raz\u00f3n por la cual ha sido objeto de elogios por parte de Mourinho y de sus compa\u00f1eros de equipo desde su llegada al inicio de la temporada, procedente del Paris Saint-Germain de la Ligue 1 de Francia.<\/p>\n<p style=\"text-align: center;\"><a href=\"https:\/\/www.futboltotal.com.mx\/2016\/12\/carlos-tevez-iria-a-china-contrato-millonario\/\"><span style=\"color: #3366ff;\">LEER M\u00c1S: Carlos Tevez ir\u00eda a China con contrato millonario<\/span><\/a><\/p>\n<p>El estratega del Manchester United finaliz\u00f3 diciendo que en base a esa advertencia, <strong>Zlatan Ibrahimovic<\/strong> tom\u00f3 la decisi\u00f3n de jugar en la Premier League, acci\u00f3n, que al final ha dejado satisfecho a <em>Mou<\/em>: &#8220;Estoy feliz no solo porque <strong>Zlatan<\/strong> hace goles, sino por el liderazgo que aporta, su motivaci\u00f3n&#8230; Estoy realmente feliz&#8221;.<\/p>\n<p><b>S\u00edguenos en <span id=\"m_316147879295572100goog_2054972132\"><\/span>Twitter <a href=\"https:\/\/twitter.com\/MXFutbolTotal\" target=\"_blank\" data-saferedirecturl=\"https:\/\/www.google.com\/url?hl=es&amp;q=https:\/\/twitter.com\/MXFutbolTotal&amp;source=gmail&amp;ust=1481905306138000&amp;usg=AFQjCNFopkQ9nBdWOFsWNh_GDpmg43xMlw\">@MXFutbolTotal<\/a><\/b><\/p>\n","protected":false},"excerpt":{"rendered":"<p>El t\u00e9cnico luso est\u00e1 satisfecho con el aporte de Ibrahimovic: goles y liderazgo.<\/p>\n","protected":false},"author":20,"featured_media":449312,"comment_status":"closed","ping_status":"closed","sticky":false,"template":"","format":"standard","meta":[],"categories":[3839,3846,5951],"tags":[2611,288,43,2889,6059],"_links":{"self":[{"href":"http:\/\/desarrollo.grupomedios.com\/futbol\/wp-json\/wp\/v2\/posts\/449287"}],"collection":[{"href":"http:\/\/desarrollo.grupomedios.com\/futbol\/wp-json\/wp\/v2\/posts"}],"about":[{"href":"http:\/\/desarrollo.grupomedios.com\/futbol\/wp-json\/wp\/v2\/types\/post"}],"author":[{"embeddable":true,"href":"http:\/\/desarrollo.grupomedios.com\/futbol\/wp-json\/wp\/v2\/users\/20"}],"replies":[{"embeddable":true,"href":"http:\/\/desarrollo.grupomedios.com\/futbol\/wp-json\/wp\/v2\/comments?post=449287"}],"version-history":[{"count":0,"href":"http:\/\/desarrollo.grupomedios.com\/futbol\/wp-json\/wp\/v2\/posts\/449287\/revisions"}],"wp:featuredmedia":[{"embeddable":true,"href":"http:\/\/desarrollo.grupomedios.com\/futbol\/wp-json\/wp\/v2\/media\/449312"}],"wp:attachment":[{"href":"http:\/\/desarrollo.grupomedios.com\/futbol\/wp-json\/wp\/v2\/media?parent=449287"}],"wp:term":[{"taxonomy":"category","embeddable":true,"href":"http:\/\/desarrollo.grupomedios.com\/futbol\/wp-json\/wp\/v2\/categories?post=449287"},{"taxonomy":"post_tag","embeddable":true,"href":"http:\/\/desarrollo.grupomedios.com\/futbol\/wp-json\/wp\/v2\/tags?post=449287"}],"curies":[{"name":"wp","href":"https:\/\/api.w.org\/{rel}","templated":true}]}}