{"id":449298,"date":"2016-12-15T12:10:20","date_gmt":"2016-12-15T18:10:20","guid":{"rendered":"https:\/\/www.futboltotal.com.mx\/?p=449298"},"modified":"2016-12-15T12:10:20","modified_gmt":"2016-12-15T18:10:20","slug":"mensaje-del-real-madrid-mexico","status":"publish","type":"post","link":"http:\/\/desarrollo.grupomedios.com\/futbol\/futbol-internacional\/mensaje-del-real-madrid-mexico\/2016\/12","title":{"rendered":"El mensaje del Real Madrid para M\u00e9xico&#8230;"},"content":{"rendered":"<p>Tras derrotar al <a href=\"http:\/\/www.futboltotal.com.mx\/equipos\/america\/\" target=\"_blank\">Am\u00e9rica<\/a> por marcador de 2-0, <strong>Real Madrid<\/strong> decidi\u00f3 darle los buenos d\u00edas a M\u00e9xico, con un mensaje de gratitud, por haber enfrentado a una escuadra proveniente de tierras aztecas. As\u00ed lo hizo a trav\u00e9s de las redes sociales.<\/p>\n<p>\u201cHola M\u00e9xico, ha sido un placer jugar contra un equipo de vuestro pa\u00eds: <strong>Am\u00e9rica<\/strong>. <em>Hala Madrid<\/em>\u201d, describi\u00f3 el conjunto <em>merengue<\/em> en su cuenta de <a href=\"https:\/\/www.facebook.com\/RealMadrid\/photos\/a.74265819952.19583.19034719952\/10151157975324953\/?type=3&amp;theater\" target=\"_blank\">Facebook<\/a>, junto a una imagen del partido que sostuvieron en las Semifinales del Mundial de Clubes.<\/p>\n<p style=\"text-align: center;\"><span style=\"color: #3366ff;\"><a style=\"color: #3366ff;\" href=\"https:\/\/www.futboltotal.com.mx\/2016\/12\/se-burlan-ricardo-la-volpe-pronunciar-mal-real-madrid\/\" target=\"_blank\"><strong>LEER M\u00c1S: Se burlan de La Volpe por su pronunciaci\u00f3n del Real Madrid<\/strong><\/a><\/span><\/p>\n<p><a href=\"https:\/\/www.futboltotal.com.mx\/wp-content\/uploads\/2016\/12\/real-madrid-facebook.jpg\"><img decoding=\"async\" loading=\"lazy\" class=\"alignnone size-full wp-image-449301\" src=\"https:\/\/www.futboltotal.com.mx\/wp-content\/uploads\/2016\/12\/real-madrid-facebook.jpg\" alt=\"real-madrid-facebook\" srcset=\"http:\/\/desarrollo.grupomedios.com\/futbol\/wp-content\/uploads\/2016\/12\/real-madrid-facebook.jpg 1136w, http:\/\/desarrollo.grupomedios.com\/futbol\/wp-content\/uploads\/2016\/12\/real-madrid-facebook-300x169.jpg 300w, http:\/\/desarrollo.grupomedios.com\/futbol\/wp-content\/uploads\/2016\/12\/real-madrid-facebook-768x432.jpg 768w, http:\/\/desarrollo.grupomedios.com\/futbol\/wp-content\/uploads\/2016\/12\/real-madrid-facebook-1024x576.jpg 1024w, http:\/\/desarrollo.grupomedios.com\/futbol\/wp-content\/uploads\/2016\/12\/real-madrid-facebook-317x178.jpg 317w, http:\/\/desarrollo.grupomedios.com\/futbol\/wp-content\/uploads\/2016\/12\/real-madrid-facebook-535x301.jpg 535w, http:\/\/desarrollo.grupomedios.com\/futbol\/wp-content\/uploads\/2016\/12\/real-madrid-facebook-374x210.jpg 374w\" sizes=\"(max-width: 1136px) 100vw, 1136px\" \/><\/a><\/p>\n<p><strong>S\u00edguenos en Twitter:<\/strong> <a href=\"https:\/\/twitter.com\/MXFutbolTotal\" target=\"_blank\">@MXFutbolTotal<\/a><\/p>\n","protected":false},"excerpt":{"rendered":"<p>La escuadra merengue agradeci\u00f3 al Am\u00e9rica, \u00bfpor participar?<\/p>\n","protected":false},"author":20,"featured_media":449300,"comment_status":"closed","ping_status":"closed","sticky":false,"template":"","format":"standard","meta":[],"categories":[5419,3839],"tags":[5959,415,5988],"_links":{"self":[{"href":"http:\/\/desarrollo.grupomedios.com\/futbol\/wp-json\/wp\/v2\/posts\/449298"}],"collection":[{"href":"http:\/\/desarrollo.grupomedios.com\/futbol\/wp-json\/wp\/v2\/posts"}],"about":[{"href":"http:\/\/desarrollo.grupomedios.com\/futbol\/wp-json\/wp\/v2\/types\/post"}],"author":[{"embeddable":true,"href":"http:\/\/desarrollo.grupomedios.com\/futbol\/wp-json\/wp\/v2\/users\/20"}],"replies":[{"embeddable":true,"href":"http:\/\/desarrollo.grupomedios.com\/futbol\/wp-json\/wp\/v2\/comments?post=449298"}],"version-history":[{"count":0,"href":"http:\/\/desarrollo.grupomedios.com\/futbol\/wp-json\/wp\/v2\/posts\/449298\/revisions"}],"wp:featuredmedia":[{"embeddable":true,"href":"http:\/\/desarrollo.grupomedios.com\/futbol\/wp-json\/wp\/v2\/media\/449300"}],"wp:attachment":[{"href":"http:\/\/desarrollo.grupomedios.com\/futbol\/wp-json\/wp\/v2\/media?parent=449298"}],"wp:term":[{"taxonomy":"category","embeddable":true,"href":"http:\/\/desarrollo.grupomedios.com\/futbol\/wp-json\/wp\/v2\/categories?post=449298"},{"taxonomy":"post_tag","embeddable":true,"href":"http:\/\/desarrollo.grupomedios.com\/futbol\/wp-json\/wp\/v2\/tags?post=449298"}],"curies":[{"name":"wp","href":"https:\/\/api.w.org\/{rel}","templated":true}]}}