{"id":449346,"date":"2016-12-15T14:16:20","date_gmt":"2016-12-15T20:16:20","guid":{"rendered":"https:\/\/www.futboltotal.com.mx\/?p=449346"},"modified":"2016-12-15T14:40:45","modified_gmt":"2016-12-15T20:40:45","slug":"que-dejo-draft-liga-mx-previo-clausura-2017","status":"publish","type":"post","link":"http:\/\/desarrollo.grupomedios.com\/futbol\/videos\/que-dejo-draft-liga-mx-previo-clausura-2017\/2016\/12","title":{"rendered":"\u00bfQu\u00e9 dej\u00f3 el Draft de la Liga MX previo al Clausura 2017?"},"content":{"rendered":"<p>El R\u00e9gimen de Transferencias de la <strong>Liga MX<\/strong>, mejor conocido como Draft de Jugadores, previo al torneo Clausura 2017 dej\u00f3 un sabor agridulce luego de conocerse los movimientos que se cristalizaron, as\u00ed como los que no pudieron concretarse.<\/p>\n<p>Para algunos, las bombas de este mercado de fichajes no llegaron, aunque tampoco son poca cosa algunos de los traspasos que se realizaron. \u00bfT\u00fa qu\u00e9 dices?<\/p>\n<p>[video_player]https:\/\/player.vimeo.com\/external\/195839382.hd.mp4?s=91aeb31c214d00ed51dd755afe747f1eb2e3776c&amp;profile_id=174|wide[\/video_player]<\/p>\n<p><a href=\"https:\/\/www.futboltotal.com.mx\/2016\/12\/en-vivo-draft-liga-mx-futbol-estufa\/\">LEER M\u00c1S: AS\u00cd VIVIMOS EL DRAFT DE LA LIGA MX RUMBO AL CLAUSURA 2017<\/a><\/p>\n","protected":false},"excerpt":{"rendered":"<p>Para algunos, las bombas de este mercado de fichajes no llegaron. \u00bfT\u00fa qu\u00e9 dices?<\/p>\n","protected":false},"author":20,"featured_media":449077,"comment_status":"closed","ping_status":"closed","sticky":false,"template":"","format":"standard","meta":[],"categories":[7570,7740,2198,3845,4],"tags":[3749,64],"_links":{"self":[{"href":"http:\/\/desarrollo.grupomedios.com\/futbol\/wp-json\/wp\/v2\/posts\/449346"}],"collection":[{"href":"http:\/\/desarrollo.grupomedios.com\/futbol\/wp-json\/wp\/v2\/posts"}],"about":[{"href":"http:\/\/desarrollo.grupomedios.com\/futbol\/wp-json\/wp\/v2\/types\/post"}],"author":[{"embeddable":true,"href":"http:\/\/desarrollo.grupomedios.com\/futbol\/wp-json\/wp\/v2\/users\/20"}],"replies":[{"embeddable":true,"href":"http:\/\/desarrollo.grupomedios.com\/futbol\/wp-json\/wp\/v2\/comments?post=449346"}],"version-history":[{"count":0,"href":"http:\/\/desarrollo.grupomedios.com\/futbol\/wp-json\/wp\/v2\/posts\/449346\/revisions"}],"wp:featuredmedia":[{"embeddable":true,"href":"http:\/\/desarrollo.grupomedios.com\/futbol\/wp-json\/wp\/v2\/media\/449077"}],"wp:attachment":[{"href":"http:\/\/desarrollo.grupomedios.com\/futbol\/wp-json\/wp\/v2\/media?parent=449346"}],"wp:term":[{"taxonomy":"category","embeddable":true,"href":"http:\/\/desarrollo.grupomedios.com\/futbol\/wp-json\/wp\/v2\/categories?post=449346"},{"taxonomy":"post_tag","embeddable":true,"href":"http:\/\/desarrollo.grupomedios.com\/futbol\/wp-json\/wp\/v2\/tags?post=449346"}],"curies":[{"name":"wp","href":"https:\/\/api.w.org\/{rel}","templated":true}]}}