{"id":449352,"date":"2016-12-15T14:42:34","date_gmt":"2016-12-15T20:42:34","guid":{"rendered":"https:\/\/www.futboltotal.com.mx\/?p=449352"},"modified":"2016-12-15T14:42:34","modified_gmt":"2016-12-15T20:42:34","slug":"chivas-tv-se-uniria-claro-video","status":"publish","type":"post","link":"http:\/\/desarrollo.grupomedios.com\/futbol\/destacado-home\/chivas-tv-se-uniria-claro-video\/2016\/12","title":{"rendered":"Chivas TV se unir\u00eda con Claro Video"},"content":{"rendered":"<p>A pesar de las constantes quejas y reclamaciones que tuvo el equipo de Guadalajara con la plataforma de <strong>Chivas TV,<\/strong> la directiva Rojiblanca estar\u00eda muy cerca de expandir sus transmisiones y parece que tendr\u00e1 una alianza comercial con Claro Video para que se vean los partidos del equipo como local.<\/p>\n<p>Con esto, se podr\u00eda confirmar alguna relaci\u00f3n que se tuvo previo al <span style=\"color: #ff0000;\"><a style=\"color: #ff0000;\" href=\"https:\/\/www.futboltotal.com.mx\/2016\/12\/oficial-rodolfo-pizarro-refuerzo-chivas\/\" target=\"_blank\">traspaso de Rodolfo Pizarro a Chivas<\/a><\/span>, pues Carlos Slim, quien es due\u00f1o de Claro Video y de Grupo Am\u00e9rica Movil, tambi\u00e9n es copropietario de los equipos Pachuca, Le\u00f3n y Mineros de Zacatecas.<\/p>\n<blockquote class=\"twitter-tweet\" data-width=\"500\">\n<p lang=\"es\" dir=\"ltr\">Con el insomnio a tope Les comparto <a href=\"https:\/\/twitter.com\/SomosChivasTv\">@SomosChivasTv<\/a> esta dando de que hablar aparecemos en las estad\u00edsticas de los jugadores mundiales de OTT <a href=\"https:\/\/t.co\/98dxYCYj9N\">pic.twitter.com\/98dxYCYj9N<\/a><\/p>\n<p>&mdash; Jose Luis Higuera (@JLHB33) <a href=\"https:\/\/twitter.com\/JLHB33\/status\/809295795837136896\">December 15, 2016<\/a><\/p><\/blockquote>\n<p><script async src=\"\/\/platform.twitter.com\/widgets.js\" charset=\"utf-8\"><\/script><\/p>\n<p>La idea de <strong>Chivas<\/strong> es que su contenido se expanda pero no a la televisi\u00f3n por cable, sino que siga en formato multimedia y as\u00ed poder llegar a m\u00e1s personas a trav\u00e9s del respaldo tecnol\u00f3gico de Am\u00e9rica Movil.<\/p>\n<p style=\"text-align: center;\"><span style=\"color: #3366ff;\"><a style=\"color: #3366ff;\" href=\"https:\/\/www.futboltotal.com.mx\/2016\/12\/atlas-destaca-reencuentro-alustiza-fidel\/\">LEER M\u00c1S: Atlas destaca el reencuentro de Alustiza y Fidel<\/a><\/span><\/p>\n<p>En caso de cerrarse el acuerdo, Claro Video ser\u00eda la nueva plataforma que se una al equipo de Jorge Vergara luego de que hace unos meses Cin\u00e9polis Klic pasara a formar parte de la alianza comercial.<\/p>\n<p>Aunque los directivos Jorge Vergara y Jose Luis Higuera no planean regresar a la televisi\u00f3n abierta, el formato de tv restringida s\u00ed ser\u00eda una de las opciones para que Chivas transmita sus partidos.<\/p>\n","protected":false},"excerpt":{"rendered":"<p>Chivas TV buscar\u00eda expandir sus transmisiones.<\/p>\n","protected":false},"author":20,"featured_media":405145,"comment_status":"closed","ping_status":"closed","sticky":false,"template":"","format":"standard","meta":[],"categories":[5,2198,3845],"tags":[70,7110],"_links":{"self":[{"href":"http:\/\/desarrollo.grupomedios.com\/futbol\/wp-json\/wp\/v2\/posts\/449352"}],"collection":[{"href":"http:\/\/desarrollo.grupomedios.com\/futbol\/wp-json\/wp\/v2\/posts"}],"about":[{"href":"http:\/\/desarrollo.grupomedios.com\/futbol\/wp-json\/wp\/v2\/types\/post"}],"author":[{"embeddable":true,"href":"http:\/\/desarrollo.grupomedios.com\/futbol\/wp-json\/wp\/v2\/users\/20"}],"replies":[{"embeddable":true,"href":"http:\/\/desarrollo.grupomedios.com\/futbol\/wp-json\/wp\/v2\/comments?post=449352"}],"version-history":[{"count":0,"href":"http:\/\/desarrollo.grupomedios.com\/futbol\/wp-json\/wp\/v2\/posts\/449352\/revisions"}],"wp:featuredmedia":[{"embeddable":true,"href":"http:\/\/desarrollo.grupomedios.com\/futbol\/wp-json\/wp\/v2\/media\/405145"}],"wp:attachment":[{"href":"http:\/\/desarrollo.grupomedios.com\/futbol\/wp-json\/wp\/v2\/media?parent=449352"}],"wp:term":[{"taxonomy":"category","embeddable":true,"href":"http:\/\/desarrollo.grupomedios.com\/futbol\/wp-json\/wp\/v2\/categories?post=449352"},{"taxonomy":"post_tag","embeddable":true,"href":"http:\/\/desarrollo.grupomedios.com\/futbol\/wp-json\/wp\/v2\/tags?post=449352"}],"curies":[{"name":"wp","href":"https:\/\/api.w.org\/{rel}","templated":true}]}}