{"id":449398,"date":"2016-12-15T17:09:11","date_gmt":"2016-12-15T23:09:11","guid":{"rendered":"https:\/\/www.futboltotal.com.mx\/?p=449398"},"modified":"2016-12-15T17:09:11","modified_gmt":"2016-12-15T23:09:11","slug":"porto-vence-a-maritimo-herrera-corona-en-la-cancha","status":"publish","type":"post","link":"http:\/\/desarrollo.grupomedios.com\/futbol\/futbol-internacional\/porto-vence-a-maritimo-herrera-corona-en-la-cancha\/2016\/12","title":{"rendered":"Porto vence a Mar\u00edtimo con Herrera y Corona en la cancha"},"content":{"rendered":"<p>El <strong>Porto<\/strong> venci\u00f3 hoy por 2-1 al Mar\u00edtimo de Funchal con goles del portugu\u00e9s <strong>Andr\u00e9 Silva<\/strong> y del argelino <strong>Brahimi<\/strong> y se acerc\u00f3 en la tabla al l\u00edder Benfica, que est\u00e1 a apenas un punto, aunque con un partido menos.<\/p>\n<p>Los &#8220;dragones&#8221; jugaron por adelantado su compromiso de la jornada 15, ya que todav\u00eda no se ha disputado la anterior, que arrancar\u00e1 este viernes. El equipo blanquiazul se adelant\u00f3 al filo del descanso con un gol de <strong>Brahimi<\/strong> de remate picado a un pase del portugu\u00e9s <strong>Diogo Jota<\/strong>. En el 67&#8242;, Andr\u00e9 Silva ampli\u00f3 la ventaja gracias a una asistencia de <strong>Brahimi<\/strong>, que le dej\u00f3 el bal\u00f3n al borde del \u00e1rea para que el portugu\u00e9s s\u00f3lo tuviese que rematar a gol.<\/p>\n<p style=\"text-align: center;\"><span style=\"color: #3366ff;\"><a style=\"color: #3366ff;\" href=\"https:\/\/www.futboltotal.com.mx\/2016\/12\/gignac-va-chin-america-julio-cesar-chavez\/\" target=\"_blank\">LEER M\u00c1S: \u201cGignac se va a chin#$% al Am\u00e9rica\u201d: Julio C\u00e9sar Chavez<\/a><\/span><\/p>\n<p>Cuando parec\u00eda que el partido estaba hecho, el camerun\u00e9s <strong>Djousse,<\/strong> \u00a0lanz\u00f3 una bomba desde fuera del \u00e1rea en el 87&#8242; sin que Casillas tuviera posibilidades de detenerla y puso el 2 a 1 en el marcador. Fue el primer gol sufrido por el <strong>Porto<\/strong> tras 744 minutos imbatido, gracias al buen estado de forma de Iker Casillas, que con el de hoy apenas ha encajado seis goles en 14 partidos.<\/p>\n<p>El <strong>Mar\u00edtimo<\/strong> presion\u00f3 al final para intentar forzar el empate pero el Oporto logr\u00f3 aguantar y llevarse los tres puntos. Los &#8220;dragones&#8221; jugar\u00e1n el partido correspondiente a la jornada 14 el pr\u00f3ximo lunes ante el <strong>Desportivo de Chaves<\/strong>.\u00a0<strong>Jes\u00fas Corona<\/strong> fue titular y disput\u00f3 84&#8242;, mientras que <strong>H\u00e9ctor Herrera<\/strong> ingres\u00f3 al 73&#8242;; mientras que <strong>Miguel Lay\u00fan<\/strong> se qued\u00f3 en el banco.<\/p>\n<p>Por su parte, el <strong>Benfica<\/strong>\u00a0de Ra\u00fal Jim\u00e9nez juega el s\u00e1bado en casa del<strong> Estoril<\/strong>, mientras que el tercer clasificado, el Sporting, recibe el domingo al Braga, cuarto.<\/p>\n<p><iframe loading=\"lazy\" src=\"https:\/\/www.youtube.com\/embed\/RQWRUTqirMU?feature=oembed\" frameborder=\"0\" allowfullscreen><\/iframe><\/p>\n<p>S\u00edguenos en Twitter:<a href=\"https:\/\/twitter.com\/MXFutbolTotal\" target=\"_blank\"> @MXFutbolTotal<\/a><\/p>\n","protected":false},"excerpt":{"rendered":"<p>Los Dragones recortan distancia en la lucha por el primer lugar de la Liga. <\/p>\n","protected":false},"author":144,"featured_media":449402,"comment_status":"closed","ping_status":"closed","sticky":false,"template":"","format":"standard","meta":[],"categories":[3839,6718,5951],"tags":[5995,3770,1035,1208],"_links":{"self":[{"href":"http:\/\/desarrollo.grupomedios.com\/futbol\/wp-json\/wp\/v2\/posts\/449398"}],"collection":[{"href":"http:\/\/desarrollo.grupomedios.com\/futbol\/wp-json\/wp\/v2\/posts"}],"about":[{"href":"http:\/\/desarrollo.grupomedios.com\/futbol\/wp-json\/wp\/v2\/types\/post"}],"author":[{"embeddable":true,"href":"http:\/\/desarrollo.grupomedios.com\/futbol\/wp-json\/wp\/v2\/users\/144"}],"replies":[{"embeddable":true,"href":"http:\/\/desarrollo.grupomedios.com\/futbol\/wp-json\/wp\/v2\/comments?post=449398"}],"version-history":[{"count":0,"href":"http:\/\/desarrollo.grupomedios.com\/futbol\/wp-json\/wp\/v2\/posts\/449398\/revisions"}],"wp:featuredmedia":[{"embeddable":true,"href":"http:\/\/desarrollo.grupomedios.com\/futbol\/wp-json\/wp\/v2\/media\/449402"}],"wp:attachment":[{"href":"http:\/\/desarrollo.grupomedios.com\/futbol\/wp-json\/wp\/v2\/media?parent=449398"}],"wp:term":[{"taxonomy":"category","embeddable":true,"href":"http:\/\/desarrollo.grupomedios.com\/futbol\/wp-json\/wp\/v2\/categories?post=449398"},{"taxonomy":"post_tag","embeddable":true,"href":"http:\/\/desarrollo.grupomedios.com\/futbol\/wp-json\/wp\/v2\/tags?post=449398"}],"curies":[{"name":"wp","href":"https:\/\/api.w.org\/{rel}","templated":true}]}}