{"id":449418,"date":"2016-12-16T11:38:44","date_gmt":"2016-12-16T17:38:44","guid":{"rendered":"https:\/\/www.futboltotal.com.mx\/?p=449418"},"modified":"2016-12-16T11:56:42","modified_gmt":"2016-12-16T17:56:42","slug":"america-podria-perder-jugadores-final-liga-mx","status":"publish","type":"post","link":"http:\/\/desarrollo.grupomedios.com\/futbol\/destacado-home\/america-podria-perder-jugadores-final-liga-mx\/2016\/12","title":{"rendered":"Am\u00e9rica podr\u00eda perder jugadores para la Final de la Liga MX"},"content":{"rendered":"<p>POR: <a href=\"http:\/\/pressportmx.com\/\">PRESSPORT<\/a><\/p>\n<p>El Presidente Deportivo del <strong>Am\u00e9rica<\/strong>, Ricardo Pel\u00e1ez, confirm\u00f3\u00a0previo al entrenamiento de su equipo este viernes, que por reglamentaci\u00f3n de la\u00a0<strong>FIFA<\/strong>, en caso de que un jugador que haya recibido\u00a0tarjeta amarilla en el <strong>Mundial de\u00a0Clubes<\/strong> ser\u00e1 suspendido para la Final de ida contra <strong>Tigres<\/strong> si vuelve a ser\u00a0amonestado.<\/p>\n<p>Debido a esto, <strong>Paolo Goltz, Bruno Valdez <\/strong>y<strong> Rubens Sambueza<\/strong> son los\u00a0jugadores &#8216;condicionados&#8217; que no ser\u00edan tomados en cuenta en el duelo por el\u00a0tercer lugar ante el Atl\u00e9tico Nacional.<\/p>\n<p>&#8220;Tenemos tres jugadores amonestados, si vuelven a ser\u00a0amonestados no podr\u00edan jugar la final de ida contra Tigres. Todos los jugadores\u00a0est\u00e1n disponibles, Paolo (Goltz) sali\u00f3 con algunas molestias, pero todos juntos\u00a0tomaremos la mejor decisi\u00f3n&#8221;, puntualiz\u00f3.<\/p>\n<p>La pr\u00e1ctica inici\u00f3 con una charla entre todo el\u00a0plantel y Ricardo La Volpe, posteriormente, los jugadores que iniciaron ante el\u00a0Real Madrid hicieron trabajo regenerativo, mientras que los suplentes trabajaron aparte. Se estima que para el partido del domingo, la mayor\u00eda de los\u00a0titulares reciban descanso, por lo que el tercer lugar del certamen lo\u00a0buscar\u00edan los suplentes.<\/p>\n<p><a href=\"https:\/\/www.futboltotal.com.mx\/2016\/12\/mexico-ya-no-debe-jugar-mundial-de-clubes-nahuel-guzman\/\">LEER M\u00c1S: M\u00c9XICO YA NO DEBER\u00cdA IR AL MUNDIAL DE CLUBES: NAHUEL<\/a><\/p>\n","protected":false},"excerpt":{"rendered":"<p>Analizar\u00e1n si los amonestados disputan el duelo por el tercer lugar del Mundial de Clubes.<\/p>\n","protected":false},"author":20,"featured_media":449419,"comment_status":"closed","ping_status":"closed","sticky":false,"template":"","format":"standard","meta":[],"categories":[5,3839,2198,3845],"tags":[1585,5959,64,415],"_links":{"self":[{"href":"http:\/\/desarrollo.grupomedios.com\/futbol\/wp-json\/wp\/v2\/posts\/449418"}],"collection":[{"href":"http:\/\/desarrollo.grupomedios.com\/futbol\/wp-json\/wp\/v2\/posts"}],"about":[{"href":"http:\/\/desarrollo.grupomedios.com\/futbol\/wp-json\/wp\/v2\/types\/post"}],"author":[{"embeddable":true,"href":"http:\/\/desarrollo.grupomedios.com\/futbol\/wp-json\/wp\/v2\/users\/20"}],"replies":[{"embeddable":true,"href":"http:\/\/desarrollo.grupomedios.com\/futbol\/wp-json\/wp\/v2\/comments?post=449418"}],"version-history":[{"count":0,"href":"http:\/\/desarrollo.grupomedios.com\/futbol\/wp-json\/wp\/v2\/posts\/449418\/revisions"}],"wp:featuredmedia":[{"embeddable":true,"href":"http:\/\/desarrollo.grupomedios.com\/futbol\/wp-json\/wp\/v2\/media\/449419"}],"wp:attachment":[{"href":"http:\/\/desarrollo.grupomedios.com\/futbol\/wp-json\/wp\/v2\/media?parent=449418"}],"wp:term":[{"taxonomy":"category","embeddable":true,"href":"http:\/\/desarrollo.grupomedios.com\/futbol\/wp-json\/wp\/v2\/categories?post=449418"},{"taxonomy":"post_tag","embeddable":true,"href":"http:\/\/desarrollo.grupomedios.com\/futbol\/wp-json\/wp\/v2\/tags?post=449418"}],"curies":[{"name":"wp","href":"https:\/\/api.w.org\/{rel}","templated":true}]}}