{"id":449421,"date":"2016-12-16T11:42:28","date_gmt":"2016-12-16T17:42:28","guid":{"rendered":"https:\/\/www.futboltotal.com.mx\/?p=449421"},"modified":"2016-12-16T16:28:49","modified_gmt":"2016-12-16T22:28:49","slug":"moises-munoz-estaria-cerca-fichar-jaguares","status":"publish","type":"post","link":"http:\/\/desarrollo.grupomedios.com\/futbol\/futbol-mexicano\/moises-munoz-estaria-cerca-fichar-jaguares\/2016\/12","title":{"rendered":"Mois\u00e9s Mu\u00f1oz estar\u00eda cerca de fichar por Jaguares"},"content":{"rendered":"<p>Incluso\u00a0ya\u00a0despu\u00e9s de que se haya llevado a cabo el <a href=\"https:\/\/www.futboltotal.com.mx\/2016\/12\/en-vivo-draft-liga-mx-futbol-estufa\/\">Draft o R\u00e9gimen de Transferencias<\/a> de la <strong>Liga MX<\/strong> y <strong>Ascenso MX<\/strong>, los rumores en torno a movimientos de futbolistas entre los clubes de Primera Divisi\u00f3n se mantienen, uno de los \u00faltimos que cobra fuerza es el que llevar\u00eda al arquero <strong>Mois\u00e9s Mu\u00f1oz<\/strong> del <strong>Am\u00e9rica<\/strong> a <strong>Jaguares de Chiapas<\/strong>.<\/p>\n<p>El conjunto chiapaneco, metido de lleno en la pelea por evitar descender, sigue trabajando a marchas forzadas por reforzar el equipo dirigido por el entrenador Sergio Bueno y Mu\u00f1oz ser\u00eda un jugador de garant\u00edas en la porter\u00eda.<\/p>\n<p>En declaraciones otorgadas para Medio Tiempo, el presidente de Jaguares, Carlos L\u00f3pez Chargoy, no neg\u00f3 la opci\u00f3n de hacerse con los servicios de un jugador como <em>Moi<\/em>, mencionando que &#8220;no es un hecho el pr\u00e9stamo, pero a qui\u00e9n no le interesar\u00eda un portero de ese nivel&#8221;.<\/p>\n<p><a href=\"https:\/\/www.futboltotal.com.mx\/2016\/12\/chivas-suma-a-refuerzo\/\">LEER M\u00c1S: CHIVAS SUMA A OTRO REFUERZO<\/a><\/p>\n<p>Desde el Am\u00e9rica tambi\u00e9n se oyeron\u00a0voces\u00a0al respecto, siendo Ricardo Pel\u00e1ez, director deportivo del cuadro de Coapa, quien pidi\u00f3 mesura ya que en el momento en que haya alg\u00fan movimiento oficializado ellos ser\u00edan los primeros en confirmarlo.<\/p>\n<p>&#8220;Cuando nosotros hagamos oficial lo de los jugadores que vienen y se van, en ese momento ser\u00e1n oficiales, sigan diciendo misa, ya nos colocaron a Alcoba \u00bfno? No hay nada nuevo, pongan y digan pero hasta que no hagamos oficial qui\u00e9nes vienen y qui\u00e9nes se van, entonces en ese momento ser\u00e1 oficial&#8221;, fueron las palabras de Pel\u00e1ez.<\/p>\n<p><a href=\"https:\/\/www.futboltotal.com.mx\/2016\/12\/egidio-arevalo-nuevo-refuerzo-del-veracruz\/\">LEER M\u00c1S: EGIDIO AR\u00c9VALO, NUEVO REFUERZO DEL VERACRUZ<\/a><\/p>\n","protected":false},"excerpt":{"rendered":"<p>El arquero del Am\u00e9rica ser\u00eda uno de los refuerzos de lujo de los chiapanecos.<\/p>\n","protected":false},"author":20,"featured_media":441439,"comment_status":"closed","ping_status":"closed","sticky":false,"template":"","format":"standard","meta":[],"categories":[7740,2198,3845],"tags":[1585,5959,5964,4303,64,635,7822],"_links":{"self":[{"href":"http:\/\/desarrollo.grupomedios.com\/futbol\/wp-json\/wp\/v2\/posts\/449421"}],"collection":[{"href":"http:\/\/desarrollo.grupomedios.com\/futbol\/wp-json\/wp\/v2\/posts"}],"about":[{"href":"http:\/\/desarrollo.grupomedios.com\/futbol\/wp-json\/wp\/v2\/types\/post"}],"author":[{"embeddable":true,"href":"http:\/\/desarrollo.grupomedios.com\/futbol\/wp-json\/wp\/v2\/users\/20"}],"replies":[{"embeddable":true,"href":"http:\/\/desarrollo.grupomedios.com\/futbol\/wp-json\/wp\/v2\/comments?post=449421"}],"version-history":[{"count":0,"href":"http:\/\/desarrollo.grupomedios.com\/futbol\/wp-json\/wp\/v2\/posts\/449421\/revisions"}],"wp:featuredmedia":[{"embeddable":true,"href":"http:\/\/desarrollo.grupomedios.com\/futbol\/wp-json\/wp\/v2\/media\/441439"}],"wp:attachment":[{"href":"http:\/\/desarrollo.grupomedios.com\/futbol\/wp-json\/wp\/v2\/media?parent=449421"}],"wp:term":[{"taxonomy":"category","embeddable":true,"href":"http:\/\/desarrollo.grupomedios.com\/futbol\/wp-json\/wp\/v2\/categories?post=449421"},{"taxonomy":"post_tag","embeddable":true,"href":"http:\/\/desarrollo.grupomedios.com\/futbol\/wp-json\/wp\/v2\/tags?post=449421"}],"curies":[{"name":"wp","href":"https:\/\/api.w.org\/{rel}","templated":true}]}}