{"id":449427,"date":"2016-12-16T11:10:08","date_gmt":"2016-12-16T17:10:08","guid":{"rendered":"https:\/\/www.futboltotal.com.mx\/?p=449427"},"modified":"2016-12-16T11:10:29","modified_gmt":"2016-12-16T17:10:29","slug":"benzema-seguira-lucha-demostrar-inocente","status":"publish","type":"post","link":"http:\/\/desarrollo.grupomedios.com\/futbol\/futbol-internacional\/benzema-seguira-lucha-demostrar-inocente\/2016\/12","title":{"rendered":"Benzema seguir\u00e1 su lucha para demostrar que es inocente"},"content":{"rendered":"<p>El jugador del Real Madrid <strong>Karim Benzema<\/strong> va a seguir su lucha para demostrar que es inocente en el procedimiento en el que est\u00e1 imputado por complicidad de chantaje, subray\u00f3 su abogado Sylvain Cormair, tras el rechazo de su recurso para intentar anular la instrucci\u00f3n.<\/p>\n<p>&#8220;Continuamos nuestra lucha para demostrar la inocencia de <strong>Karim Benzema<\/strong>&#8220;, subray\u00f3 a EFE Cormair en reacci\u00f3n al dictamen de la sala de instrucci\u00f3n del Tribunal de Apelaci\u00f3n de Par\u00eds, que se neg\u00f3 a invalidar el procedimiento y mantiene abierta la instrucci\u00f3n, que podr\u00eda dar lugar a un juicio en 2017.<\/p>\n<p style=\"text-align: center;\"><a href=\"https:\/\/www.futboltotal.com.mx\/2016\/12\/si-diego-lopez-pudiera-se-deshaceria-de-messi-y-su-msn\/\"><span style=\"color: #3366ff;\">LEER M\u00c1S: Si Diego L\u00f3pez pudiera, se deshacer\u00eda de la MSN<\/span><\/a><\/p>\n<p>El letrado admiti\u00f3 que &#8220;es una mala noticia desde el punto de vista del procedimiento, pero no cambia nada para el fondo del asunto&#8221;.<\/p>\n<p>Avanz\u00f3, adem\u00e1s, que estudian la posibilidad de un recurso ante el Tribunal Supremo al dictamen de hoy.<\/p>\n<p>Hizo notar que hay un nuevo juez de instrucci\u00f3n que va a fijar su propio calendario, y que la anterior magistrada a su parecer hab\u00eda mostrado cierta parcialidad en sus actuaciones.<\/p>\n<p>En concreto, se refiri\u00f3 a una fianza que la jueza hab\u00eda impuesto a <strong>Benzema<\/strong> tras su imputaci\u00f3n, y que luego el Tribunal de Apelaci\u00f3n de Versalles revoc\u00f3.<\/p>\n<p>El jugador est\u00e1 acusado de haber servido de c\u00f3mplice a los presuntos autores del chantaje, que en 2015 trataron de que el tambi\u00e9n futbolista Mathieu Valbuena les pagara una importante cantidad de dinero a cambio de no destapar un v\u00eddeo de contenido sexual en el que aparec\u00eda.<\/p>\n<p style=\"text-align: center;\"><a href=\"https:\/\/www.futboltotal.com.mx\/2016\/12\/tevez-decidira-en-luna-miel\/\"><span style=\"color: #3366ff;\">LEER M\u00c1S: Tevez decidira su futuro en su Luna de Miel<\/span><\/a><\/p>\n<p><strong>Benzema<\/strong>, como otros inculpados, hab\u00eda tratado de anular el procedimiento por estimar que estaba viciado por la intervenci\u00f3n de un polic\u00eda infiltrado con falsa identidad, que a su juicio les incit\u00f3 a cometer la infracci\u00f3n que se les reprocha.<\/p>\n<p>La sala de instrucci\u00f3n, sin embargo, ha dado la raz\u00f3n a la Fiscal\u00eda, para la que no hab\u00eda nada irregular.<\/p>\n","protected":false},"excerpt":{"rendered":"<p>Al delantero franc\u00e9s se le imputa por complicidad de chantaje.<\/p>\n","protected":false},"author":144,"featured_media":409291,"comment_status":"closed","ping_status":"closed","sticky":false,"template":"","format":"standard","meta":[],"categories":[3839],"tags":[413,6042],"_links":{"self":[{"href":"http:\/\/desarrollo.grupomedios.com\/futbol\/wp-json\/wp\/v2\/posts\/449427"}],"collection":[{"href":"http:\/\/desarrollo.grupomedios.com\/futbol\/wp-json\/wp\/v2\/posts"}],"about":[{"href":"http:\/\/desarrollo.grupomedios.com\/futbol\/wp-json\/wp\/v2\/types\/post"}],"author":[{"embeddable":true,"href":"http:\/\/desarrollo.grupomedios.com\/futbol\/wp-json\/wp\/v2\/users\/144"}],"replies":[{"embeddable":true,"href":"http:\/\/desarrollo.grupomedios.com\/futbol\/wp-json\/wp\/v2\/comments?post=449427"}],"version-history":[{"count":0,"href":"http:\/\/desarrollo.grupomedios.com\/futbol\/wp-json\/wp\/v2\/posts\/449427\/revisions"}],"wp:featuredmedia":[{"embeddable":true,"href":"http:\/\/desarrollo.grupomedios.com\/futbol\/wp-json\/wp\/v2\/media\/409291"}],"wp:attachment":[{"href":"http:\/\/desarrollo.grupomedios.com\/futbol\/wp-json\/wp\/v2\/media?parent=449427"}],"wp:term":[{"taxonomy":"category","embeddable":true,"href":"http:\/\/desarrollo.grupomedios.com\/futbol\/wp-json\/wp\/v2\/categories?post=449427"},{"taxonomy":"post_tag","embeddable":true,"href":"http:\/\/desarrollo.grupomedios.com\/futbol\/wp-json\/wp\/v2\/tags?post=449427"}],"curies":[{"name":"wp","href":"https:\/\/api.w.org\/{rel}","templated":true}]}}