{"id":449436,"date":"2016-12-16T11:58:44","date_gmt":"2016-12-16T17:58:44","guid":{"rendered":"https:\/\/www.futboltotal.com.mx\/?p=449436"},"modified":"2016-12-16T11:58:44","modified_gmt":"2016-12-16T17:58:44","slug":"michael-arroyo-tendria-nuevo-equipo-en-la-liga-mx","status":"publish","type":"post","link":"http:\/\/desarrollo.grupomedios.com\/futbol\/destacado-home\/michael-arroyo-tendria-nuevo-equipo-en-la-liga-mx\/2016\/12","title":{"rendered":"Michael Arroyo tendr\u00eda nuevo equipo en la Liga MX"},"content":{"rendered":"<p>Parece que el ecuatoriano <strong>Michael Arroyo<\/strong> est\u00e1 por disputar sus \u00faltimos partidos en Am\u00e9rica cuando juegue la Final de la Liga MX y el partido por el tercer lugar del Mundial de Clubes, pues parece que el <a href=\"https:\/\/www.futboltotal.com.mx\/2016\/12\/michael-arroyo-saldria-del-america\/\" target=\"_blank\">rumor que filtr\u00f3 un periodista de su pa\u00eds sobre su salida<\/a> de las \u00c1guilas es cierto, aunque seguir\u00e1 en la Liga MX.<\/p>\n<p>Adem\u00e1s de que no tiene una muy buena relaci\u00f3n con el t\u00e9cnico Ricardo La Volpe, <strong>Arroyo<\/strong> no est\u00e1 feliz al ser un jugador usado como &#8220;revulsivo&#8221;, otro de los motivos por lo que saldr\u00eda de la instituci\u00f3n.<\/p>\n<p>Seg\u00fan el diario <em>R\u00e9cord<\/em>, el futuro de <em>Micky<\/em> estar\u00eda en la frontera mexicana con los Xolos de Tijuana, pero ser\u00eda a trav\u00e9s de un intercambio por el colombiano Avil\u00e9s Hurtado, jugador al que La Volpe quiere tener en las instalaciones de coapa.<\/p>\n<p style=\"text-align: center;\"><span style=\"color: #3366ff;\"><a style=\"color: #3366ff;\" href=\"https:\/\/www.futboltotal.com.mx\/2016\/12\/moises-munoz-estaria-cerca-fichar-jaguares\/\">LEER M\u00c1S: Mois\u00e9s Mu\u00f1oz estar\u00eda cerca de fichar por Jaguares<\/a><\/span><\/p>\n<p>Tambi\u00e9n se dice que equipos ecuatorianos tambi\u00e9n buscar\u00edan a <strong>Arroyo<\/strong> como pas\u00f3 en 2012 cuando regres\u00f3 al Barcelona de Guayaquil, aunque el alto costo de su fichaje ser\u00eda uno de los impedimentos.<\/p>\n<p>El delantero ecuatoriano todav\u00eda tiene contrato con las \u00c1guilas hasta julio de 2017 pero en su b\u00fasqueda por m\u00e1s minutos habr\u00eda pedido salir del Am\u00e9rica, donde en este semestre marc\u00f3 siete goles, adem\u00e1s de tener el respaldo de la afici\u00f3n.<\/p>\n","protected":false},"excerpt":{"rendered":"<p>Michael Arroyo ser\u00eda intercambiado con otro club de la Liga MX.<\/p>\n","protected":false},"author":20,"featured_media":449440,"comment_status":"closed","ping_status":"closed","sticky":false,"template":"","format":"standard","meta":[],"categories":[5,2198,3845],"tags":[5959,4775],"_links":{"self":[{"href":"http:\/\/desarrollo.grupomedios.com\/futbol\/wp-json\/wp\/v2\/posts\/449436"}],"collection":[{"href":"http:\/\/desarrollo.grupomedios.com\/futbol\/wp-json\/wp\/v2\/posts"}],"about":[{"href":"http:\/\/desarrollo.grupomedios.com\/futbol\/wp-json\/wp\/v2\/types\/post"}],"author":[{"embeddable":true,"href":"http:\/\/desarrollo.grupomedios.com\/futbol\/wp-json\/wp\/v2\/users\/20"}],"replies":[{"embeddable":true,"href":"http:\/\/desarrollo.grupomedios.com\/futbol\/wp-json\/wp\/v2\/comments?post=449436"}],"version-history":[{"count":0,"href":"http:\/\/desarrollo.grupomedios.com\/futbol\/wp-json\/wp\/v2\/posts\/449436\/revisions"}],"wp:featuredmedia":[{"embeddable":true,"href":"http:\/\/desarrollo.grupomedios.com\/futbol\/wp-json\/wp\/v2\/media\/449440"}],"wp:attachment":[{"href":"http:\/\/desarrollo.grupomedios.com\/futbol\/wp-json\/wp\/v2\/media?parent=449436"}],"wp:term":[{"taxonomy":"category","embeddable":true,"href":"http:\/\/desarrollo.grupomedios.com\/futbol\/wp-json\/wp\/v2\/categories?post=449436"},{"taxonomy":"post_tag","embeddable":true,"href":"http:\/\/desarrollo.grupomedios.com\/futbol\/wp-json\/wp\/v2\/tags?post=449436"}],"curies":[{"name":"wp","href":"https:\/\/api.w.org\/{rel}","templated":true}]}}