{"id":449454,"date":"2016-12-16T13:16:11","date_gmt":"2016-12-16T19:16:11","guid":{"rendered":"https:\/\/www.futboltotal.com.mx\/?p=449454"},"modified":"2016-12-16T13:16:11","modified_gmt":"2016-12-16T19:16:11","slug":"marco-antonio-palacios-pikolin-se-retira","status":"publish","type":"post","link":"http:\/\/desarrollo.grupomedios.com\/futbol\/futbol-mexicano\/marco-antonio-palacios-pikolin-se-retira\/2016\/12","title":{"rendered":"\u00a1Pikol\u00edn cuelga los botines!"},"content":{"rendered":"<p>El defensor surgido en <a href=\"http:\/\/www.futboltotal.com.mx\/equipos\/unam\/\" target=\"_blank\">Pumas<\/a>, <strong>Marco Antonio Palacios<\/strong> el <strong>Pikol\u00edn<\/strong>, deja las canchas, luego de no encontrar una oportunidad para retirarse en el equipo que lo vio nacer. As\u00ed lo reportan los medios nacionales.<\/p>\n<blockquote class=\"twitter-tweet\" data-width=\"500\">\n<p lang=\"es\" dir=\"ltr\">Tras 13 a\u00f1os de carrera y un final gris al no encontrar cabida en 1\u00aa divisi\u00f3n, Marco Antonio Palacios se retira del futbol profesional. <a href=\"https:\/\/t.co\/WrvauWlUww\">pic.twitter.com\/WrvauWlUww<\/a><\/p>\n<p>&mdash; David Espinosa (@David_EG) <a href=\"https:\/\/twitter.com\/David_EG\/status\/809833151572807680\">December 16, 2016<\/a><\/p><\/blockquote>\n<p><script async src=\"\/\/platform.twitter.com\/widgets.js\" charset=\"utf-8\"><\/script><\/p>\n<p><strong>Marco Antonio Palacios<\/strong> termina su carrera como futbolista pero iniciar\u00e1 un camino como director t\u00e9cnico, pues en 2017 viajar\u00e1 a Barcelona donde tomar\u00e1 un curso como director t\u00e9cnico. El zaguero jug\u00f3 para <strong>Pumas<\/strong>, Veracruz y Morelia.<\/p>\n<p style=\"text-align: center;\"><span style=\"color: #3366ff;\"><a style=\"color: #3366ff;\" href=\"https:\/\/www.futboltotal.com.mx\/2016\/12\/moises-munoz-estaria-cerca-fichar-jaguares\/\" target=\"_blank\"><strong>LEER M\u00c1S: Mois\u00e9s Mu\u00f1oz llegar\u00eda a Jaguares<\/strong><\/a><\/span><\/p>\n<p>Con los <strong>Pumas<\/strong>, <strong>Marco Antonio Palacios<\/strong> gan\u00f3 cuatro t\u00edtulos de Liga MX, el Clausura y Apertura 2004, adem\u00e1s del Apertura 2009 y del Clausura 2011. Su hermano, Miguel Alejandro, tambi\u00e9n apodado <strong>Pikol\u00edn<\/strong>, por ser gemelos, vive un momento deportivo diferente, pues luce consolidado en la meta <em>auriazul.<\/em><\/p>\n<p><strong>S\u00edguenos en Twitter:<\/strong> <a href=\"https:\/\/twitter.com\/MXFutbolTotal\" target=\"_blank\">@MXFutbolTotal<\/a><\/p>\n","protected":false},"excerpt":{"rendered":"<p>Marco Antonio Palacios culmina 13 a\u00f1os de carrera futbol\u00edstica.<\/p>\n","protected":false},"author":20,"featured_media":449459,"comment_status":"closed","ping_status":"closed","sticky":false,"template":"","format":"standard","meta":[],"categories":[2198,3845],"tags":[2835,74],"_links":{"self":[{"href":"http:\/\/desarrollo.grupomedios.com\/futbol\/wp-json\/wp\/v2\/posts\/449454"}],"collection":[{"href":"http:\/\/desarrollo.grupomedios.com\/futbol\/wp-json\/wp\/v2\/posts"}],"about":[{"href":"http:\/\/desarrollo.grupomedios.com\/futbol\/wp-json\/wp\/v2\/types\/post"}],"author":[{"embeddable":true,"href":"http:\/\/desarrollo.grupomedios.com\/futbol\/wp-json\/wp\/v2\/users\/20"}],"replies":[{"embeddable":true,"href":"http:\/\/desarrollo.grupomedios.com\/futbol\/wp-json\/wp\/v2\/comments?post=449454"}],"version-history":[{"count":0,"href":"http:\/\/desarrollo.grupomedios.com\/futbol\/wp-json\/wp\/v2\/posts\/449454\/revisions"}],"wp:featuredmedia":[{"embeddable":true,"href":"http:\/\/desarrollo.grupomedios.com\/futbol\/wp-json\/wp\/v2\/media\/449459"}],"wp:attachment":[{"href":"http:\/\/desarrollo.grupomedios.com\/futbol\/wp-json\/wp\/v2\/media?parent=449454"}],"wp:term":[{"taxonomy":"category","embeddable":true,"href":"http:\/\/desarrollo.grupomedios.com\/futbol\/wp-json\/wp\/v2\/categories?post=449454"},{"taxonomy":"post_tag","embeddable":true,"href":"http:\/\/desarrollo.grupomedios.com\/futbol\/wp-json\/wp\/v2\/tags?post=449454"}],"curies":[{"name":"wp","href":"https:\/\/api.w.org\/{rel}","templated":true}]}}