{"id":449462,"date":"2016-12-16T13:37:31","date_gmt":"2016-12-16T19:37:31","guid":{"rendered":"https:\/\/www.futboltotal.com.mx\/?p=449462"},"modified":"2016-12-16T13:37:31","modified_gmt":"2016-12-16T19:37:31","slug":"sancion-estadio-hidalgo","status":"publish","type":"post","link":"http:\/\/desarrollo.grupomedios.com\/futbol\/futbol-mexicano\/sancion-estadio-hidalgo\/2016\/12","title":{"rendered":"\u00a1No hay sanci\u00f3n para el estadio Hidalgo!"},"content":{"rendered":"<p>Tras los Cuartos de Final de Vuelta, donde <a href=\"http:\/\/www.futboltotal.com.mx\/equipos\/pachuca\/\" target=\"_blank\">Pachuca<\/a> y <a href=\"http:\/\/www.futboltotal.com.mx\/equipos\/necaxa\/\" target=\"_blank\">Necaxa<\/a> se enfrentaron en el estadio Hidalgo, se dio a conocer que un aficionado de los <em>Rayos<\/em> habr\u00eda sido agredido por un hincha de los <em>Tuzos<\/em>, por lo que la FMF inici\u00f3 una investigaci\u00f3n para tomar cartas en el asunto.<\/p>\n<p>Tras varios d\u00edas de investigaci\u00f3n, la Federaci\u00f3n Mexicana de Futbol indic\u00f3 que no hay sanci\u00f3n para el <strong>Pachuca<\/strong> por el aficionado del <strong>Necaxa<\/strong> que result\u00f3 herido; pues hubo varias situaciones que quitaron responsabilidad a la directiva hidalguense, en dicho suceso.<\/p>\n<p style=\"text-align: center;\"><span style=\"color: #3366ff;\"><a style=\"color: #3366ff;\" href=\"https:\/\/www.futboltotal.com.mx\/2016\/12\/marco-antonio-palacios-pikolin-se-retira\/\" target=\"_blank\"><strong>LEER M\u00c1S: Pikol\u00edn se retira<\/strong><\/a><\/span><\/p>\n<p style=\"padding-left: 60px; text-align: left;\"><em>1) Que de oficio se abri\u00f3 un procedimiento de investigaci\u00f3n para determinar, en su caso, si se infringi\u00f3 alguna norma correspondiente a los Estatutos y Reglamentos de esta Federacion Mexicana de F\u00fatbol.\u00a0<\/em><\/p>\n<p style=\"padding-left: 60px; text-align: left;\"><em>2) Que despu\u00e9s de realizar un an\u00e1lisis de las pruebas y documentos que se tuvieron a la vista se observ\u00f3 lo siguiente:<\/em><\/p>\n<p style=\"padding-left: 60px; text-align: left;\"><em>a. Que aproximadamente 30 minutosdespu\u00e9s de haber finalizado el encuentro se report\u00f3 a una persona lesionada en la v\u00eda p\u00fablica ?Boulevard Rojo G\u00f3mez- con una herida punzo cortante en el arco costal del lado derecho<\/em><\/p>\n<p style=\"padding-left: 60px; text-align: left;\"><em>b. Que la gente que transitaba por dicha v\u00eda traslad\u00f3 al lesionado al Estadio Hidalgo a fin de que recibiera atenci\u00f3n m\u00e9dica y, posteriormente, fue enviado al hospital, el cual abandon\u00f3 dos horas despu\u00e9s.\u00a0<\/em><\/p>\n<p style=\"padding-left: 60px; text-align: left;\"><em>c. Que el Comisario no report\u00f3 en su informe dicho incidente por haber sucedido en la v\u00eda p\u00fablica.\u00a0<\/em><\/p>\n<p style=\"padding-left: 60px; text-align: left;\"><em>d. Que no fue presentada denuncia alguna por parte del lesionado ante el Ministerio P\u00fablico.<\/em><\/p>\n<p style=\"padding-left: 60px; text-align: left;\"><em>e. Que fue recibido un escrito por parte de las autoridades competentes a trav\u00e9s del cual se inform\u00f3 que dicho incidente sucedi\u00f3 en la v\u00eda p\u00fablica y no en el Estadio Hidalgo o su estacionamiento.<\/em><\/p>\n<p>\u201cToda vez que como ha quedado acreditado el incidente ocurri\u00f3 en la v\u00eda p\u00fablica, no siendo \u00e9ste el \u00e1mbito de responsabilidad del <strong>Pachuca<\/strong>, la Comisi\u00f3n Disciplinaria ha determinado no sancionar a dicho Club, debiendo concluir la presente investigaci\u00f3n\u201d, concluy\u00f3 la FMF en comunicado.<\/p>\n<p><strong>S\u00edguenos en Twitter:<\/strong> <a href=\"https:\/\/twitter.com\/MXFutbolTotal\" target=\"_blank\">@MXFutbolTotal<\/a><\/p>\n","protected":false},"excerpt":{"rendered":"<p>FMF no responsabiliza al Pachuca por lesi\u00f3n a aficionado de Necaxa.<\/p>\n","protected":false},"author":20,"featured_media":445494,"comment_status":"closed","ping_status":"closed","sticky":false,"template":"","format":"standard","meta":[],"categories":[2198,3845],"tags":[261,5968],"_links":{"self":[{"href":"http:\/\/desarrollo.grupomedios.com\/futbol\/wp-json\/wp\/v2\/posts\/449462"}],"collection":[{"href":"http:\/\/desarrollo.grupomedios.com\/futbol\/wp-json\/wp\/v2\/posts"}],"about":[{"href":"http:\/\/desarrollo.grupomedios.com\/futbol\/wp-json\/wp\/v2\/types\/post"}],"author":[{"embeddable":true,"href":"http:\/\/desarrollo.grupomedios.com\/futbol\/wp-json\/wp\/v2\/users\/20"}],"replies":[{"embeddable":true,"href":"http:\/\/desarrollo.grupomedios.com\/futbol\/wp-json\/wp\/v2\/comments?post=449462"}],"version-history":[{"count":0,"href":"http:\/\/desarrollo.grupomedios.com\/futbol\/wp-json\/wp\/v2\/posts\/449462\/revisions"}],"wp:featuredmedia":[{"embeddable":true,"href":"http:\/\/desarrollo.grupomedios.com\/futbol\/wp-json\/wp\/v2\/media\/445494"}],"wp:attachment":[{"href":"http:\/\/desarrollo.grupomedios.com\/futbol\/wp-json\/wp\/v2\/media?parent=449462"}],"wp:term":[{"taxonomy":"category","embeddable":true,"href":"http:\/\/desarrollo.grupomedios.com\/futbol\/wp-json\/wp\/v2\/categories?post=449462"},{"taxonomy":"post_tag","embeddable":true,"href":"http:\/\/desarrollo.grupomedios.com\/futbol\/wp-json\/wp\/v2\/tags?post=449462"}],"curies":[{"name":"wp","href":"https:\/\/api.w.org\/{rel}","templated":true}]}}