{"id":449489,"date":"2016-12-16T16:27:37","date_gmt":"2016-12-16T22:27:37","guid":{"rendered":"https:\/\/www.futboltotal.com.mx\/?p=449489"},"modified":"2016-12-16T16:27:37","modified_gmt":"2016-12-16T22:27:37","slug":"matias-vuoso-volveria-al-futbol-mexicano","status":"publish","type":"post","link":"http:\/\/desarrollo.grupomedios.com\/futbol\/destacado-home\/matias-vuoso-volveria-al-futbol-mexicano\/2016\/12","title":{"rendered":"Mat\u00edas Vuoso volver\u00eda al futbol mexicano"},"content":{"rendered":"<p>El delantero argentino naturalizado mexicano, <strong>Vicente Mat\u00edas Vuoso<\/strong>, fue desvinculado hace un par de d\u00edas del club <strong>Talleres de C\u00f3rdoba<\/strong> de su pa\u00eds, al ya no formar parte de los planes del equipo, por ello ha sonado para regresar al futbol azteca.<\/p>\n<blockquote class=\"twitter-tweet\" data-width=\"500\">\n<p lang=\"es\" dir=\"ltr\">La Comisi\u00f3n Directiva informa que se acord\u00f3 la desvinculaci\u00f3n del jugador Matias Vuoso, quien no continuar\u00e1 el pr\u00f3ximo semestre en el Club.<\/p>\n<p>&mdash; Talleres (@CATalleresdecba) <a href=\"https:\/\/twitter.com\/CATalleresdecba\/status\/808788901703852033\">December 13, 2016<\/a><\/p><\/blockquote>\n<p><script async src=\"\/\/platform.twitter.com\/widgets.js\" charset=\"utf-8\"><\/script><\/p>\n<p>El regreso de <strong>Mat\u00edas Vuoso<\/strong> no ser\u00eda a la Liga, sino al Ascenso MX, pues se especula que el delantero ser\u00eda uno m\u00e1s de los refuerzos de <strong>Dorados<\/strong>, quien busca asegurar su retorno al M\u00e1ximo Circuito. El Toro es un elemento libre desde que dej\u00f3 las filas de los Jaguares de Chiapas; el delantero ha jugado en cuatro cinco clubes del futbol mexicano: Santos, Am\u00e9rica, Atlas, Cruz Azul y el Jaguar.<\/p>\n<p style=\"text-align: center;\"><span style=\"color: #3366ff;\"><a style=\"color: #3366ff;\" href=\"https:\/\/www.futboltotal.com.mx\/2016\/12\/en-vivo-draft-ascenso-mx-futbol-estufa\/\" target=\"_blank\"><strong>LEER M\u00c1S: AS\u00cd SE VIVI\u00d3 | Draft Ascenso MX<\/strong><\/a><\/span><\/p>\n<p>Cabe destacar que el <em>Toro<\/em> fue compa\u00f1ero de Daniel Ludue\u00f1a en <strong>Talleres de C\u00f3rdoba<\/strong>, y el <em>Hachita<\/em> ya confirm\u00f3 su regreso a M\u00e9xico, al firmar con Tampico Madero, club dirigido por Daniel Guzm\u00e1n, quien conoce a Emanuel desde su paso por los Tecos.<\/p>\n<blockquote class=\"twitter-tweet\" data-width=\"500\">\n<p lang=\"es\" dir=\"ltr\">Bienvenido <a href=\"https:\/\/t.co\/OtBIqJVFIQ\">https:\/\/t.co\/OtBIqJVFIQ<\/a><\/p>\n<p>&mdash; Tampico Madero FC (@jaibabravamx) <a href=\"https:\/\/twitter.com\/jaibabravamx\/status\/809579598098944000\">December 16, 2016<\/a><\/p><\/blockquote>\n<p><script async src=\"\/\/platform.twitter.com\/widgets.js\" charset=\"utf-8\"><\/script><\/p>\n<p><strong>S\u00edguenos en Twitter:<\/strong> <a href=\"https:\/\/twitter.com\/MXFutbolTotal\" target=\"_blank\">@MXFutbolTotal<\/a><\/p>\n","protected":false},"excerpt":{"rendered":"<p>El delantero caus\u00f3 baja en Argentina y suena para arribar a suelo azteca.<\/p>\n","protected":false},"author":20,"featured_media":449492,"comment_status":"closed","ping_status":"closed","sticky":false,"template":"","format":"standard","meta":[],"categories":[3843,5,2198],"tags":[432,759,331],"_links":{"self":[{"href":"http:\/\/desarrollo.grupomedios.com\/futbol\/wp-json\/wp\/v2\/posts\/449489"}],"collection":[{"href":"http:\/\/desarrollo.grupomedios.com\/futbol\/wp-json\/wp\/v2\/posts"}],"about":[{"href":"http:\/\/desarrollo.grupomedios.com\/futbol\/wp-json\/wp\/v2\/types\/post"}],"author":[{"embeddable":true,"href":"http:\/\/desarrollo.grupomedios.com\/futbol\/wp-json\/wp\/v2\/users\/20"}],"replies":[{"embeddable":true,"href":"http:\/\/desarrollo.grupomedios.com\/futbol\/wp-json\/wp\/v2\/comments?post=449489"}],"version-history":[{"count":0,"href":"http:\/\/desarrollo.grupomedios.com\/futbol\/wp-json\/wp\/v2\/posts\/449489\/revisions"}],"wp:featuredmedia":[{"embeddable":true,"href":"http:\/\/desarrollo.grupomedios.com\/futbol\/wp-json\/wp\/v2\/media\/449492"}],"wp:attachment":[{"href":"http:\/\/desarrollo.grupomedios.com\/futbol\/wp-json\/wp\/v2\/media?parent=449489"}],"wp:term":[{"taxonomy":"category","embeddable":true,"href":"http:\/\/desarrollo.grupomedios.com\/futbol\/wp-json\/wp\/v2\/categories?post=449489"},{"taxonomy":"post_tag","embeddable":true,"href":"http:\/\/desarrollo.grupomedios.com\/futbol\/wp-json\/wp\/v2\/tags?post=449489"}],"curies":[{"name":"wp","href":"https:\/\/api.w.org\/{rel}","templated":true}]}}