{"id":449529,"date":"2016-12-17T09:43:04","date_gmt":"2016-12-17T15:43:04","guid":{"rendered":"https:\/\/www.futboltotal.com.mx\/?p=449529"},"modified":"2016-12-17T09:48:07","modified_gmt":"2016-12-17T15:48:07","slug":"gol-jona-villarreal-retoma-rumbo-en-la-liga","status":"publish","type":"post","link":"http:\/\/desarrollo.grupomedios.com\/futbol\/destacado-home\/gol-jona-villarreal-retoma-rumbo-en-la-liga\/2016\/12","title":{"rendered":"Con gol de Jona, Villarreal retoma el rumbo en La Liga"},"content":{"rendered":"<p>El Villarreal, donde participa el mexicano <strong>Jonathan Dos Santos<\/strong> cerr\u00f3 la semana, que comenz\u00f3 con una goleada sobre el Atl\u00e9tico, con una clara victoria en El Molin\u00f3n sobre un Sporting que se vio totalmente superado en la primera mitad y que mejor\u00f3 en la segunda, aunque sin acierto para culminar la remontada.<\/p>\n<p>https:\/\/twitter.com\/VillarrealCF\/status\/810120529051000832<\/p>\n<p>El Villarreal logr\u00f3 adelantarse en el marcador en su primera llegada colectiva en la que la defensa rojiblanca no supo sacar el bal\u00f3n y este lleg\u00f3 a Dos Santos, que desmarcado, se sac\u00f3 un potente chut por la escuadra al que no leg\u00f3 Cu\u00e9llar.<\/p>\n<p>Pato sembraba el p\u00e1nico en la zaga local y si no llega ser por una gran parada de Cu\u00e9llar habr\u00eda marcado el segundo apenas cuatro minutos despu\u00e9s, pero lo que no hizo el brasile\u00f1o lo consigui\u00f3 su compa\u00f1ero Sansone cinco minutos m\u00e1s tarde en otro error colectivo de la defensa.<\/p>\n<p>Si en defensa el Sporting estuvo mal en ataque no lo hizo mucho mejor, ya que mov\u00eda el bal\u00f3n muy lentamente lo que permit\u00eda al Villarreal replegarse y defender con acierto su porter\u00eda y Asenjo apenas tuvo que intervenir en toda la primera parte.<\/p>\n<p style=\"text-align: center;\"><span style=\"color: #3366ff;\"><a style=\"color: #3366ff;\" href=\"https:\/\/www.futboltotal.com.mx\/2016\/12\/bronca-jugadores-del-bayer-leverkusen\/\">LEER M\u00c1S: Bronca entre jugadores del Bayer Leverkusen<\/a><\/span><\/p>\n<p>El Villarreal pudo haber marcado el tercero pero Jorge Mer\u00e9 logr\u00f3 sacar el bal\u00f3n a Sansone al borde del \u00e1rea cuando se escapaba directamente hacia Cu\u00e9llar.<\/p>\n<p>El Sporting ofreci\u00f3 una versi\u00f3n mucho mejor en la reanudaci\u00f3n del partido, logr\u00f3 encerrar al Villarreal en su campo y a llegar con asiduidad a la porter\u00eda visitante, aunque los primeros remates fueron flojos y fuera.<\/p>\n<p>Cu\u00e9llar rechaz\u00f3 un disparo cruzado de Pato y en la r\u00e9plica rojiblanca Carmona dispar\u00f3 alto en lo que estaban siendo los mejores minutos del partido, ya que el Villarreal se sacudi\u00f3 un tanto el dominio rojiblanco y el Sporting segu\u00eda manteniendo un buen nivel.<\/p>\n<p>Asenjo salv\u00f3 a su equipo con una gran mano tras un chut suave pero mis colocado de Moi G\u00f3mez minutos antes de que Cu\u00e9llar salvase una volea de Santos Borr\u00e9 y de que Burgui no aprovechase una contra en la el se plant\u00f3 solo ante Asenjo, que cubri\u00f3 bien la puerta y rechaz\u00f3 el bal\u00f3n.<\/p>\n<p><iframe loading=\"lazy\" src=\"https:\/\/www.youtube.com\/embed\/QLvcVGK2ogU?feature=oembed\" frameborder=\"0\" allowfullscreen><\/iframe><\/p>\n<p>El Sporting se encontr\u00f3 con un gol en una jugada de fortuna al rematar Carmona de cabeza un bal\u00f3n rechazado por la defensa y \u00e9ste hizo una par\u00e1bola y super\u00f3 por alto a Asenjo, gol que apenas celebraron los rojiblancos.<\/p>\n<p>&#8211; Ficha t\u00e9cnica<\/p>\n<p>1.- Sporting: Cu\u00e9llar, Douglas, Babin (Burgui, m. 35), Amorebieta (Juan Rodr\u00edguez, m. 62), Jorge Mer\u00e9, Isma L\u00f3pez, Sergio \u00c1lvarez, Rachid (Nacho Cases, m. 35), Carmona, Moi G\u00f3mez y Cop.<\/p>\n<p>3. &#8211; Villarreal: Asenjo, Mario Gaspar, \u00c1lvaro, V\u00edctor Ru\u00edz, Jaume Costa, Roberto Soriano (Rodrigo, m. 76), Bruno, Trigueros, Jonathan Dos Santos, Sansone (Santos Borr\u00e9, m. 80) y Pato (L\u00e9o S\u00faarez (m. 87).<\/p>\n","protected":false},"excerpt":{"rendered":"<p>El mexicano marc\u00f3 por segundo partido consecutivo.<\/p>\n","protected":false},"author":144,"featured_media":449530,"comment_status":"closed","ping_status":"closed","sticky":false,"template":"","format":"standard","meta":[],"categories":[5,3839],"tags":[48,1913,2607],"_links":{"self":[{"href":"http:\/\/desarrollo.grupomedios.com\/futbol\/wp-json\/wp\/v2\/posts\/449529"}],"collection":[{"href":"http:\/\/desarrollo.grupomedios.com\/futbol\/wp-json\/wp\/v2\/posts"}],"about":[{"href":"http:\/\/desarrollo.grupomedios.com\/futbol\/wp-json\/wp\/v2\/types\/post"}],"author":[{"embeddable":true,"href":"http:\/\/desarrollo.grupomedios.com\/futbol\/wp-json\/wp\/v2\/users\/144"}],"replies":[{"embeddable":true,"href":"http:\/\/desarrollo.grupomedios.com\/futbol\/wp-json\/wp\/v2\/comments?post=449529"}],"version-history":[{"count":0,"href":"http:\/\/desarrollo.grupomedios.com\/futbol\/wp-json\/wp\/v2\/posts\/449529\/revisions"}],"wp:featuredmedia":[{"embeddable":true,"href":"http:\/\/desarrollo.grupomedios.com\/futbol\/wp-json\/wp\/v2\/media\/449530"}],"wp:attachment":[{"href":"http:\/\/desarrollo.grupomedios.com\/futbol\/wp-json\/wp\/v2\/media?parent=449529"}],"wp:term":[{"taxonomy":"category","embeddable":true,"href":"http:\/\/desarrollo.grupomedios.com\/futbol\/wp-json\/wp\/v2\/categories?post=449529"},{"taxonomy":"post_tag","embeddable":true,"href":"http:\/\/desarrollo.grupomedios.com\/futbol\/wp-json\/wp\/v2\/tags?post=449529"}],"curies":[{"name":"wp","href":"https:\/\/api.w.org\/{rel}","templated":true}]}}