{"id":449539,"date":"2016-12-17T11:48:31","date_gmt":"2016-12-17T17:48:31","guid":{"rendered":"https:\/\/www.futboltotal.com.mx\/?p=449539"},"modified":"2016-12-17T11:48:31","modified_gmt":"2016-12-17T17:48:31","slug":"zidane-confirma-regreso-sergio-ramos","status":"publish","type":"post","link":"http:\/\/desarrollo.grupomedios.com\/futbol\/futbol-internacional\/zidane-confirma-regreso-sergio-ramos\/2016\/12","title":{"rendered":"Zidane confirma el regreso de Sergio Ramos"},"content":{"rendered":"<p>El t\u00e9cnico del Real Madrid, Zinedine Zidane, confirm\u00f3 hoy que el capit\u00e1n, <strong>Sergio Ramos<\/strong>, jugar\u00e1 ma\u00f1ana como titular la final del Mundial de Clubes de Jap\u00f3n 2016 ante el Kashima Antlers nip\u00f3n.<\/p>\n<blockquote><p>&#8220;Sergio es nuestro capit\u00e1n y nos es muy necesario. Est\u00e1 perfecto, ha hecho el entrenamiento hoy y estar\u00e1 ma\u00f1ana. Espero que pueda jugar todo el partido&#8221;, ha dicho Zidane en rueda de prensa celebrada en el Estadio Internacional de Yokohama (al sur de Tokio), en v\u00edsperas del partido de ma\u00f1ana que se juega en este mismo escenario.<\/p><\/blockquote>\n<p>&#8220;Me he encontrado hoy bastante bien tras la sobrecarga por la acumulaci\u00f3n de minutos. Hoy estado entrenando con el grupo y estoy a total disposici\u00f3n del mister&#8221;, dijo por su parte el 4 blanco, que compareci\u00f3 junto a su entrenador en la sala de prensa de Yokohama.<\/p>\n<p style=\"text-align: center;\"><span style=\"color: #3366ff;\"><a style=\"color: #3366ff;\" href=\"https:\/\/www.futboltotal.com.mx\/2016\/12\/critican-a-americanistas-foto-cristiano-ronaldo\/\">LEER M\u00c1S: Critican a americanistas por foto con CR7<\/a><\/span><\/p>\n<p>El central madridista se entren\u00f3 hoy con el resto de sus compa\u00f1eros por primera vez desde que el equipo lleg\u00f3 a Jap\u00f3n el pasado lunes.<\/p>\n<p>https:\/\/twitter.com\/realmadrid\/status\/810084632817377280<\/p>\n<p>Ramos fue baja por sobrecarga en la semifinal ante el Club Am\u00e9rica mexicano y hasta ahora solo hab\u00eda realizado trabajo individual en un par de entrenamientos.<\/p>\n<p>El que no sali\u00f3 hoy del vestuario fue de nuevo Pepe, que tambi\u00e9n ha sido baja por sobrecarga y que casi con toda seguridad no disputar\u00e1 la final. EFE<\/p>\n","protected":false},"excerpt":{"rendered":"<p>Zidane confirm\u00f3 la vuelta del espa\u00f1ol<\/p>\n","protected":false},"author":144,"featured_media":430519,"comment_status":"closed","ping_status":"closed","sticky":false,"template":"","format":"standard","meta":[],"categories":[3839,5951],"tags":[415,5988],"_links":{"self":[{"href":"http:\/\/desarrollo.grupomedios.com\/futbol\/wp-json\/wp\/v2\/posts\/449539"}],"collection":[{"href":"http:\/\/desarrollo.grupomedios.com\/futbol\/wp-json\/wp\/v2\/posts"}],"about":[{"href":"http:\/\/desarrollo.grupomedios.com\/futbol\/wp-json\/wp\/v2\/types\/post"}],"author":[{"embeddable":true,"href":"http:\/\/desarrollo.grupomedios.com\/futbol\/wp-json\/wp\/v2\/users\/144"}],"replies":[{"embeddable":true,"href":"http:\/\/desarrollo.grupomedios.com\/futbol\/wp-json\/wp\/v2\/comments?post=449539"}],"version-history":[{"count":0,"href":"http:\/\/desarrollo.grupomedios.com\/futbol\/wp-json\/wp\/v2\/posts\/449539\/revisions"}],"wp:featuredmedia":[{"embeddable":true,"href":"http:\/\/desarrollo.grupomedios.com\/futbol\/wp-json\/wp\/v2\/media\/430519"}],"wp:attachment":[{"href":"http:\/\/desarrollo.grupomedios.com\/futbol\/wp-json\/wp\/v2\/media?parent=449539"}],"wp:term":[{"taxonomy":"category","embeddable":true,"href":"http:\/\/desarrollo.grupomedios.com\/futbol\/wp-json\/wp\/v2\/categories?post=449539"},{"taxonomy":"post_tag","embeddable":true,"href":"http:\/\/desarrollo.grupomedios.com\/futbol\/wp-json\/wp\/v2\/tags?post=449539"}],"curies":[{"name":"wp","href":"https:\/\/api.w.org\/{rel}","templated":true}]}}