{"id":449562,"date":"2016-12-17T15:57:38","date_gmt":"2016-12-17T21:57:38","guid":{"rendered":"https:\/\/www.futboltotal.com.mx\/?p=449562"},"modified":"2016-12-17T15:57:38","modified_gmt":"2016-12-17T21:57:38","slug":"guillermo-ochoa-jugara-alebrijes-en-2017","status":"publish","type":"post","link":"http:\/\/desarrollo.grupomedios.com\/futbol\/futbol-mexicano\/guillermo-ochoa-jugara-alebrijes-en-2017\/2016\/12","title":{"rendered":"Guillermo Ochoa jugar\u00e1 con Alebrijes en 2017"},"content":{"rendered":"<p>Durante el Draft del Ascenso MX rumbo al Clausura 2017, hubo equipos que realizaron muchas transacciones, entre ellos el Tampico Madero, que termin\u00f3 como el peor equipo del Apertura 2016, y el <strong>Alebrijes de Oaxaca<\/strong>, que en esta ocasi\u00f3n opt\u00f3 por una renovaci\u00f3n de plantel.<\/p>\n<blockquote class=\"twitter-tweet\" data-width=\"500\">\n<p lang=\"es\" dir=\"ltr\">As\u00ed se reforzaron los <a href=\"https:\/\/twitter.com\/AlebrijesOaxaca\">@AlebrijesOaxaca<\/a> <a href=\"https:\/\/twitter.com\/hashtag\/TransferenciasCL2017?src=hash\">#TransferenciasCL2017<\/a> <a href=\"https:\/\/twitter.com\/hashtag\/ASCENSOBancomerMX?src=hash\">#ASCENSOBancomerMX<\/a><br \/>\u26bd <a href=\"https:\/\/twitter.com\/hashtag\/SienteTuLiga?src=hash\">#SienteTuLiga<\/a> \u26bd <a href=\"https:\/\/t.co\/uPgwfynSKI\">pic.twitter.com\/uPgwfynSKI<\/a><\/p>\n<p>&mdash; ASCENSO Bancomer MX (@AscensoMX) <a href=\"https:\/\/twitter.com\/AscensoMX\/status\/809817079075500035\">December 16, 2016<\/a><\/p><\/blockquote>\n<p><script async src=\"\/\/platform.twitter.com\/widgets.js\" charset=\"utf-8\"><\/script><\/p>\n<p>Entre los jugadores que fich\u00f3 <strong>Alebrijes de Oaxaca<\/strong>, se encuentra <strong>Alexis Guillermo Ochoa<\/strong>, futbolista surgido de las filas del Toluca, que no se ha podido consagrar profesionalmente, pero busca sobresalir en el Ascenso para encontrar una nueva oportunidad en el M\u00e1ximo Circuito.<\/p>\n<p style=\"text-align: center;\"><span style=\"color: #3366ff;\"><a style=\"color: #3366ff;\" href=\"https:\/\/www.futboltotal.com.mx\/2016\/12\/en-vivo-draft-ascenso-mx-futbol-estufa\/\" target=\"_blank\"><strong>LEER M\u00c1S: Draft del Ascenso MX<\/strong><\/a><\/span><\/p>\n<blockquote class=\"twitter-tweet\" data-width=\"500\">\n<p lang=\"es\" dir=\"ltr\">Con grandes cualidades, <a href=\"https:\/\/twitter.com\/Alexis_Ochoa39\">@Alexis_Ochoa39<\/a>, sumar\u00e1 tambi\u00e9n su esfuerzo en la cancha en el <a href=\"https:\/\/twitter.com\/hashtag\/CL2017?src=hash\">#CL2017<\/a> del <a href=\"https:\/\/twitter.com\/AscensoMX\">@AscensoMX<\/a>: <a href=\"https:\/\/t.co\/4tK2O1FDbg\">https:\/\/t.co\/4tK2O1FDbg<\/a> <a href=\"https:\/\/t.co\/CyWCrJxZxW\">pic.twitter.com\/CyWCrJxZxW<\/a><\/p>\n<p>&mdash; Alebrijes de Oaxaca (@AlebrijesOaxaca) <a href=\"https:\/\/twitter.com\/AlebrijesOaxaca\/status\/809572201506701312\">December 16, 2016<\/a><\/p><\/blockquote>\n<p><script async src=\"\/\/platform.twitter.com\/widgets.js\" charset=\"utf-8\"><\/script><\/p>\n<p>Se llama igual que <strong>Guillermo Ochoa<\/strong>, actual portero del Granada, pero este joven tiene siete a\u00f1os menos que el cancerbero. Alexis debut\u00f3 con Toluca en el Clausura 2013, al a\u00f1o siguiente se uni\u00f3 a las filas de los Potros de la UAEM con quienes se mantuvo hasta diciembre de 2016.<\/p>\n<p><strong>S\u00edguenos en Twitter:<\/strong> <a href=\"https:\/\/twitter.com\/MXFutbolTotal\" target=\"_blank\">@MXFutbolTotal<\/a><\/p>\n","protected":false},"excerpt":{"rendered":"<p>El conjunto oaxaque\u00f1o fich\u00f3 al surgido en Toluca, hom\u00f3nimo del cancerbero.<\/p>\n","protected":false},"author":20,"featured_media":449565,"comment_status":"closed","ping_status":"closed","sticky":false,"template":"","format":"standard","meta":[],"categories":[3843,2198],"tags":[4191,432],"_links":{"self":[{"href":"http:\/\/desarrollo.grupomedios.com\/futbol\/wp-json\/wp\/v2\/posts\/449562"}],"collection":[{"href":"http:\/\/desarrollo.grupomedios.com\/futbol\/wp-json\/wp\/v2\/posts"}],"about":[{"href":"http:\/\/desarrollo.grupomedios.com\/futbol\/wp-json\/wp\/v2\/types\/post"}],"author":[{"embeddable":true,"href":"http:\/\/desarrollo.grupomedios.com\/futbol\/wp-json\/wp\/v2\/users\/20"}],"replies":[{"embeddable":true,"href":"http:\/\/desarrollo.grupomedios.com\/futbol\/wp-json\/wp\/v2\/comments?post=449562"}],"version-history":[{"count":0,"href":"http:\/\/desarrollo.grupomedios.com\/futbol\/wp-json\/wp\/v2\/posts\/449562\/revisions"}],"wp:featuredmedia":[{"embeddable":true,"href":"http:\/\/desarrollo.grupomedios.com\/futbol\/wp-json\/wp\/v2\/media\/449565"}],"wp:attachment":[{"href":"http:\/\/desarrollo.grupomedios.com\/futbol\/wp-json\/wp\/v2\/media?parent=449562"}],"wp:term":[{"taxonomy":"category","embeddable":true,"href":"http:\/\/desarrollo.grupomedios.com\/futbol\/wp-json\/wp\/v2\/categories?post=449562"},{"taxonomy":"post_tag","embeddable":true,"href":"http:\/\/desarrollo.grupomedios.com\/futbol\/wp-json\/wp\/v2\/tags?post=449562"}],"curies":[{"name":"wp","href":"https:\/\/api.w.org\/{rel}","templated":true}]}}