{"id":449597,"date":"2016-12-17T19:26:29","date_gmt":"2016-12-18T01:26:29","guid":{"rendered":"https:\/\/www.futboltotal.com.mx\/?p=449597"},"modified":"2016-12-17T19:26:29","modified_gmt":"2016-12-18T01:26:29","slug":"tecatito-habria-llegado-al-porto-gracias-al-narcotrafico","status":"publish","type":"post","link":"http:\/\/desarrollo.grupomedios.com\/futbol\/destacado-home\/tecatito-habria-llegado-al-porto-gracias-al-narcotrafico\/2016\/12","title":{"rendered":"Tecatito habr\u00eda llegado al Porto, gracias al narcotr\u00e1fico"},"content":{"rendered":"<p>Medios holandeses revelaron que el representante de<strong> Jes\u00fas Manuel el Tecatito Corona<\/strong>, Mat\u00edas Bunge, solicit\u00f3 al <strong>FC Twente<\/strong>, ex equipo del mexicano, que depositaran 6.3 millones de d\u00f3lares a una cuenta de las Islas V\u00edrgenes, un para\u00edso fiscal.<\/p>\n<p><strong>FC Twente<\/strong> se neg\u00f3 a pagar dicha cuota debido a que sospecha de irregularidades, por ello recurri\u00f3 al Tribunal de Arbitraje Deportivo para que realicen las investigaciones correspondientes.<\/p>\n<p>\u201c<strong>FC Twente<\/strong> no pagar\u00e1 hasta que est\u00e9 seguro 100 por ciento de que no hay irregularidades en torno a la transferencia\u201d, expres\u00f3 el club.<\/p>\n<p style=\"text-align: center;\"><span style=\"color: #3366ff;\"><a style=\"color: #3366ff;\" href=\"https:\/\/www.futboltotal.com.mx\/2016\/12\/cuauhtemoc-blanco-en-huelga-hambre\/\" target=\"_blank\"><strong>LEER M\u00c1S: Cuauht\u00e9moc Blanco exige justicia con huelga de hambre<\/strong><\/a><\/span><\/p>\n<p>Los medios holandeses afirman que de acuerdo a la documentaci\u00f3n que est\u00e1 en manos de <em>Football Leaks<\/em>, Mat\u00edas Bunge recibi\u00f3 cerca de un mill\u00f3n de euros por el traspaso de <strong>Tecatito<\/strong> al FC Porto, y que el representante podr\u00eda estar vinvulado al narcotr\u00e1fico.<\/p>\n<p>\u201cEl club tiene miedo de involucrarse en una operaci\u00f3n de lavado de dinero, en parte debido a que un miembro de un c\u00e1rtel mexicano de la droga ha sido nombrado como uno de los financieros del acuerdo\u201d, indic\u00f3 el portal <em>NRC.Nl<\/em>.<\/p>\n<p><a href=\"https:\/\/www.futboltotal.com.mx\/wp-content\/uploads\/2016\/12\/nota-tecatito-twente.jpg\"><img decoding=\"async\" loading=\"lazy\" class=\"alignnone size-full wp-image-449598\" src=\"https:\/\/www.futboltotal.com.mx\/wp-content\/uploads\/2016\/12\/nota-tecatito-twente.jpg\" alt=\"nota-tecatito-twente\" srcset=\"http:\/\/desarrollo.grupomedios.com\/futbol\/wp-content\/uploads\/2016\/12\/nota-tecatito-twente.jpg 1136w, http:\/\/desarrollo.grupomedios.com\/futbol\/wp-content\/uploads\/2016\/12\/nota-tecatito-twente-300x169.jpg 300w, http:\/\/desarrollo.grupomedios.com\/futbol\/wp-content\/uploads\/2016\/12\/nota-tecatito-twente-768x432.jpg 768w, http:\/\/desarrollo.grupomedios.com\/futbol\/wp-content\/uploads\/2016\/12\/nota-tecatito-twente-1024x576.jpg 1024w, http:\/\/desarrollo.grupomedios.com\/futbol\/wp-content\/uploads\/2016\/12\/nota-tecatito-twente-317x178.jpg 317w, http:\/\/desarrollo.grupomedios.com\/futbol\/wp-content\/uploads\/2016\/12\/nota-tecatito-twente-535x301.jpg 535w, http:\/\/desarrollo.grupomedios.com\/futbol\/wp-content\/uploads\/2016\/12\/nota-tecatito-twente-374x210.jpg 374w\" sizes=\"(max-width: 1136px) 100vw, 1136px\" \/><\/a><\/p>\n<p><strong>S\u00edguenos en Twitter:<\/strong> <a href=\"https:\/\/twitter.com\/MXFutbolTotal\" target=\"_blank\">@MXFutbolTotal<\/a><\/p>\n","protected":false},"excerpt":{"rendered":"<p>Ligan al representante de Jes\u00fas Corona con el crimen organizado.<\/p>\n","protected":false},"author":20,"featured_media":449599,"comment_status":"closed","ping_status":"closed","sticky":false,"template":"","format":"standard","meta":[],"categories":[5,3839,6718],"tags":[3985],"_links":{"self":[{"href":"http:\/\/desarrollo.grupomedios.com\/futbol\/wp-json\/wp\/v2\/posts\/449597"}],"collection":[{"href":"http:\/\/desarrollo.grupomedios.com\/futbol\/wp-json\/wp\/v2\/posts"}],"about":[{"href":"http:\/\/desarrollo.grupomedios.com\/futbol\/wp-json\/wp\/v2\/types\/post"}],"author":[{"embeddable":true,"href":"http:\/\/desarrollo.grupomedios.com\/futbol\/wp-json\/wp\/v2\/users\/20"}],"replies":[{"embeddable":true,"href":"http:\/\/desarrollo.grupomedios.com\/futbol\/wp-json\/wp\/v2\/comments?post=449597"}],"version-history":[{"count":0,"href":"http:\/\/desarrollo.grupomedios.com\/futbol\/wp-json\/wp\/v2\/posts\/449597\/revisions"}],"wp:featuredmedia":[{"embeddable":true,"href":"http:\/\/desarrollo.grupomedios.com\/futbol\/wp-json\/wp\/v2\/media\/449599"}],"wp:attachment":[{"href":"http:\/\/desarrollo.grupomedios.com\/futbol\/wp-json\/wp\/v2\/media?parent=449597"}],"wp:term":[{"taxonomy":"category","embeddable":true,"href":"http:\/\/desarrollo.grupomedios.com\/futbol\/wp-json\/wp\/v2\/categories?post=449597"},{"taxonomy":"post_tag","embeddable":true,"href":"http:\/\/desarrollo.grupomedios.com\/futbol\/wp-json\/wp\/v2\/tags?post=449597"}],"curies":[{"name":"wp","href":"https:\/\/api.w.org\/{rel}","templated":true}]}}