{"id":449702,"date":"2016-12-18T03:20:15","date_gmt":"2016-12-18T09:20:15","guid":{"rendered":"https:\/\/www.futboltotal.com.mx\/?p=449702"},"modified":"2016-12-18T09:21:05","modified_gmt":"2016-12-18T15:21:05","slug":"resultado-mundial-clubes-america-2-3-4-2-atletico-nacional","status":"publish","type":"post","link":"http:\/\/desarrollo.grupomedios.com\/futbol\/destacado-home\/resultado-mundial-clubes-america-2-3-4-2-atletico-nacional\/2016\/12","title":{"rendered":"Atl\u00e9tico Nacional frustra sue\u00f1o del Am\u00e9rica"},"content":{"rendered":"<p>En el Estadio Internacional de Yokohama, <strong>Am\u00e9rica<\/strong> y <strong>Atl\u00e9tico Nacional<\/strong> se midieron por el orgullo de su continente y por el bronce en el Mundial de Clubes. La <em>Verdolaga<\/em> domin\u00f3 a los azulcremas, quienes tuvieron poca reacci\u00f3n al impetuoso juego cafetalero.<\/p>\n<p>Desde el arranque del encuentro, <strong>Atl\u00e9tico Nacional<\/strong> tom\u00f3 la iniciativa con pocos obst\u00e1culos que las \u00c1guilas le pusieron, por tanto, el marcador se abri\u00f3 desde el minuto 5, cuando Orlando Berr\u00edo se escabull\u00f3 de la defensa azulcrema pero gracias a un punterazo de Miguel Samudio, el bal\u00f3n le fue arrebatado, aunque termin\u00f3 en su propia meta.<\/p>\n<blockquote class=\"twitter-tweet\" data-width=\"500\">\n<p lang=\"es\" dir=\"ltr\"><a href=\"https:\/\/twitter.com\/hashtag\/MundialDeClubes?src=hash\">#MundialDeClubes<\/a> <\/p>\n<p>El autogol de <a href=\"https:\/\/twitter.com\/samudiomiguel10\">@samudiomiguel10<\/a> <\/p>\n<p>A remontar otra vez ante Atl\u00e9tico Nacional <a href=\"https:\/\/t.co\/VN7Pd2mGc6\">pic.twitter.com\/VN7Pd2mGc6<\/a><\/p>\n<p>&mdash; (C \u2665 A) Es_Pasi\u00f3n (@ClubAmerica_A12) <a href=\"https:\/\/twitter.com\/ClubAmerica_A12\/status\/810382667602653184\">December 18, 2016<\/a><\/p><\/blockquote>\n<p><script async src=\"\/\/platform.twitter.com\/widgets.js\" charset=\"utf-8\"><\/script><\/p>\n<p><strong>Am\u00e9rica<\/strong> quiso reaccionar pero le era dif\u00edcil, y cuando por fin parec\u00edan equilibrar el tr\u00e1mite del juego, la <em>Verdolaga<\/em> gener\u00f3 un contragolpe con muchos toques, el cual finaliz\u00f3 con una estupenda definici\u00f3n de Alejandro Guerra, al 26\u2019.<\/p>\n<blockquote class=\"twitter-tweet\" data-width=\"500\">\n<p lang=\"es\" dir=\"ltr\">GOLAZO de Guerra<a href=\"https:\/\/twitter.com\/nacionaloficial\">@nacionaloficial<\/a> hace el segundo tras una vistosa jugada.<a href=\"https:\/\/twitter.com\/hashtag\/MundialDeClubes?src=hash\">#MundialDeClubes<\/a>  <a href=\"https:\/\/t.co\/Y9i48ta8H6\">https:\/\/t.co\/Y9i48ta8H6<\/a><\/p>\n<p>&mdash; FOX Deportes (@FOXDeportes) <a href=\"https:\/\/twitter.com\/FOXDeportes\/status\/810386141207638016\">December 18, 2016<\/a><\/p><\/blockquote>\n<p><script async src=\"\/\/platform.twitter.com\/widgets.js\" charset=\"utf-8\"><\/script><\/p>\n<p>El juego parec\u00eda de un solo lado, e incluso los del conjunto cafetalero lograron hacer varias jugadas de gol que ya no lograron concretar, lo que fue aprovechado por las <em>\u00c1guilas<\/em>, para descontar al 37\u2019, por cuenta de Michael Arroyo.<\/p>\n<blockquote class=\"twitter-tweet\" data-width=\"500\">\n<p lang=\"es\" dir=\"ltr\"><a href=\"https:\/\/twitter.com\/hashtag\/MundialDeClubes2016?src=hash\">#MundialDeClubes2016<\/a><\/p>\n<p>El gol de <a href=\"https:\/\/twitter.com\/Mikyjr1\">@Mikyjr1<\/a> para el 1-2 ante Atl\u00e9tico Nacional <a href=\"https:\/\/t.co\/TPEzwTPUoh\">pic.twitter.com\/TPEzwTPUoh<\/a><\/p>\n<p>&mdash; (C \u2665 A) Es_Pasi\u00f3n (@ClubAmerica_A12) <a href=\"https:\/\/twitter.com\/ClubAmerica_A12\/status\/810390649598001152\">December 18, 2016<\/a><\/p><\/blockquote>\n<p><script async src=\"\/\/platform.twitter.com\/widgets.js\" charset=\"utf-8\"><\/script><\/p>\n<p>Para la parte complementaria, <strong>Am\u00e9rica<\/strong> despert\u00f3 y logr\u00f3 equilibrar el tr\u00e1mite del encuentro, y aunque estuvo a punto de ser liquidado, logr\u00f3 conseguir un penal al 62\u2019, que tres minutos m\u00e1s tarde, fue ejecutado correctamente por Oribe Peralta para empatar el juego.<\/p>\n<blockquote class=\"twitter-tweet\" data-width=\"500\">\n<p lang=\"es\" dir=\"ltr\">Gol de <a href=\"https:\/\/twitter.com\/OribePeralta\">@OribePeralta<\/a> y pone el 2-2 <a href=\"https:\/\/twitter.com\/hashtag\/MundialdeClubes?src=hash\">#MundialdeClubes<\/a> <a href=\"https:\/\/twitter.com\/hashtag\/America?src=hash\">#America<\/a> vs <a href=\"https:\/\/twitter.com\/hashtag\/AtleticoNacional?src=hash\">#AtleticoNacional<\/a> <a href=\"https:\/\/t.co\/K7JwbXBl2j\">pic.twitter.com\/K7JwbXBl2j<\/a><\/p>\n<p>&mdash; La C\u00e1scara MX (@LaCascaraMX) <a href=\"https:\/\/twitter.com\/LaCascaraMX\/status\/810400709195825153\">December 18, 2016<\/a><\/p><\/blockquote>\n<p><script async src=\"\/\/platform.twitter.com\/widgets.js\" charset=\"utf-8\"><\/script><\/p>\n<p>En el resto del partido disminuyeron las jugadas de gol por lo que se tuvo que definir a trav\u00e9s de los once pasos, donde <strong>Atl\u00e9tico Nacional<\/strong> se impuso por 3-4, gracias a que <strong>Am\u00e9rica<\/strong> fall\u00f3 en dos ocasiones.<\/p>\n<div id=\"gallery9Yb\" style=\"display:none;\"><img alt=\"\" src=\"http:\/\/desarrollo.grupomedios.com\/futbol\/wp-content\/uploads\/2016\/12\/en-vivo-america-vs-atletico-nacional-tercer-lugar-mundial-de-clubes.jpg\" data-image=\"http:\/\/desarrollo.grupomedios.com\/futbol\/wp-content\/uploads\/2016\/12\/en-vivo-america-vs-atletico-nacional-tercer-lugar-mundial-de-clubes.jpg\" data-description=\"en-vivo-america-vs-atletico-nacional-tercer-lugar-mundial-de-clubes\"><img alt=\"\" src=\"http:\/\/desarrollo.grupomedios.com\/futbol\/wp-content\/uploads\/2016\/12\/america-vs-atletico-nacional-en-vivo-mundial-de-clubes.jpg\" data-image=\"http:\/\/desarrollo.grupomedios.com\/futbol\/wp-content\/uploads\/2016\/12\/america-vs-atletico-nacional-en-vivo-mundial-de-clubes.jpg\" data-description=\"america-vs-atletico-nacional-en-vivo-mundial-de-clubes\"><img alt=\"\" src=\"http:\/\/desarrollo.grupomedios.com\/futbol\/wp-content\/uploads\/2016\/12\/en-vivo-america-vs-atletico-nacional-mundial-de-clubes.jpg\" data-image=\"http:\/\/desarrollo.grupomedios.com\/futbol\/wp-content\/uploads\/2016\/12\/en-vivo-america-vs-atletico-nacional-mundial-de-clubes.jpg\" data-description=\"en-vivo-america-vs-atletico-nacional-mundial-de-clubes\"><img alt=\"\" src=\"http:\/\/desarrollo.grupomedios.com\/futbol\/wp-content\/uploads\/2016\/12\/america-vs-atletico-nacional-tercer-lugar.jpg\" data-image=\"http:\/\/desarrollo.grupomedios.com\/futbol\/wp-content\/uploads\/2016\/12\/america-vs-atletico-nacional-tercer-lugar.jpg\" data-description=\"america-vs-atletico-nacional-tercer-lugar\"><img alt=\"\" src=\"http:\/\/desarrollo.grupomedios.com\/futbol\/wp-content\/uploads\/2016\/12\/america-vs-atletico-nacional-en-vivo.jpg\" data-image=\"http:\/\/desarrollo.grupomedios.com\/futbol\/wp-content\/uploads\/2016\/12\/america-vs-atletico-nacional-en-vivo.jpg\" data-description=\"america-vs-atletico-nacional-en-vivo\"><img alt=\"\" src=\"http:\/\/desarrollo.grupomedios.com\/futbol\/wp-content\/uploads\/2016\/12\/america-vs-atletico-nacional.jpg\" data-image=\"http:\/\/desarrollo.grupomedios.com\/futbol\/wp-content\/uploads\/2016\/12\/america-vs-atletico-nacional.jpg\" data-description=\"america-vs-atletico-nacional\"><img alt=\"\" src=\"http:\/\/desarrollo.grupomedios.com\/futbol\/wp-content\/uploads\/2016\/12\/en-vivo-america-vs-atletico-nacional-tercer-lugar.jpg\" data-image=\"http:\/\/desarrollo.grupomedios.com\/futbol\/wp-content\/uploads\/2016\/12\/en-vivo-america-vs-atletico-nacional-tercer-lugar.jpg\" data-description=\"en-vivo-america-vs-atletico-nacional-tercer-lugar\"><img alt=\"\" src=\"http:\/\/desarrollo.grupomedios.com\/futbol\/wp-content\/uploads\/2016\/12\/en-vivo-america-vs-atletico-nacional-1.jpg\" data-image=\"http:\/\/desarrollo.grupomedios.com\/futbol\/wp-content\/uploads\/2016\/12\/en-vivo-america-vs-atletico-nacional-1.jpg\" data-description=\"en-vivo-america-vs-atletico-nacional\"><\/div>\n        <script>\n        \/\/galeria 1\n        jQuery(document).ready(function(){ \n            var api;\n            api = jQuery(\"#gallery9Yb\").unitegallery({\n                carousel_autoplay: false\n            }); \n        });\n        <\/script>\n        \n<p><strong>Alineaciones:<\/strong><\/p>\n<p><strong>Am\u00e9rica<\/strong>: Mu\u00f1oz; Alvarado, Valdez, Pimentel, Aguilar, Samudio; Da Silva, Guerrero (Quintero, 45\u2019), Sambueza (Mart\u00ednez, 69\u2019), Arroyo, Romero (Peralta, 59\u2019). DT. La Volpe.<\/p>\n<p><strong>Atl\u00e9tico Nacional<\/strong>: Armani; Aguilar, Hern\u00e1ndez, Bocanegra, D\u00edaz; Arias, Uribe (Nieto, 69\u2019), Berr\u00edo (Rodr\u00edguez, 89\u2019); Mosquera, Torres, Guerra (Borja, 77\u2019). DT. Rueda.<\/p>\n<p style=\"text-align: center;\"><span style=\"color: #3366ff;\"><a style=\"color: #3366ff;\" href=\"https:\/\/www.futboltotal.com.mx\/2016\/12\/en-vivo-america-vs-atletico-nacional-mundial-de-clubes\/\" target=\"_blank\"><strong>LEER M\u00c1S: AS\u00cd SE VIVI\u00d3 | Am\u00e9rica (3) \u2013 (4) Atl\u00e9tico Nacional<\/strong><\/a><\/span><\/p>\n","protected":false},"excerpt":{"rendered":"<p>La Verdolaga se impone a trav\u00e9s de los penales.<\/p>\n","protected":false},"author":20,"featured_media":449729,"comment_status":"closed","ping_status":"closed","sticky":false,"template":"","format":"standard","meta":[],"categories":[5,2198,3845],"tags":[5959,2075,415],"_links":{"self":[{"href":"http:\/\/desarrollo.grupomedios.com\/futbol\/wp-json\/wp\/v2\/posts\/449702"}],"collection":[{"href":"http:\/\/desarrollo.grupomedios.com\/futbol\/wp-json\/wp\/v2\/posts"}],"about":[{"href":"http:\/\/desarrollo.grupomedios.com\/futbol\/wp-json\/wp\/v2\/types\/post"}],"author":[{"embeddable":true,"href":"http:\/\/desarrollo.grupomedios.com\/futbol\/wp-json\/wp\/v2\/users\/20"}],"replies":[{"embeddable":true,"href":"http:\/\/desarrollo.grupomedios.com\/futbol\/wp-json\/wp\/v2\/comments?post=449702"}],"version-history":[{"count":0,"href":"http:\/\/desarrollo.grupomedios.com\/futbol\/wp-json\/wp\/v2\/posts\/449702\/revisions"}],"wp:featuredmedia":[{"embeddable":true,"href":"http:\/\/desarrollo.grupomedios.com\/futbol\/wp-json\/wp\/v2\/media\/449729"}],"wp:attachment":[{"href":"http:\/\/desarrollo.grupomedios.com\/futbol\/wp-json\/wp\/v2\/media?parent=449702"}],"wp:term":[{"taxonomy":"category","embeddable":true,"href":"http:\/\/desarrollo.grupomedios.com\/futbol\/wp-json\/wp\/v2\/categories?post=449702"},{"taxonomy":"post_tag","embeddable":true,"href":"http:\/\/desarrollo.grupomedios.com\/futbol\/wp-json\/wp\/v2\/tags?post=449702"}],"curies":[{"name":"wp","href":"https:\/\/api.w.org\/{rel}","templated":true}]}}