{"id":449731,"date":"2016-12-18T08:00:32","date_gmt":"2016-12-18T14:00:32","guid":{"rendered":"https:\/\/www.futboltotal.com.mx\/?p=449731"},"modified":"2016-12-18T09:31:16","modified_gmt":"2016-12-18T15:31:16","slug":"rica-tuvo-un-mundial-aceptable-la-volpe","status":"publish","type":"post","link":"http:\/\/desarrollo.grupomedios.com\/futbol\/destacado-home\/rica-tuvo-un-mundial-aceptable-la-volpe\/2016\/12","title":{"rendered":"&#8220;Am\u00e9rica tuvo un Mundial aceptable&#8221;: La Volpe"},"content":{"rendered":"<p>El director t\u00e9cnico del <strong>Am\u00e9rica<\/strong>, <strong>Ricardo La Volpe<\/strong>, consider\u00f3 que su escuadra cumpli\u00f3 con un aceptable Mundial de Clubes Jap\u00f3n 2016, a pesar de que se termin\u00f3 en el cuarto lugar.<\/p>\n<blockquote><p>&#8220;El papel es aceptable porque hoy vuelve a demostrarse que el equipo es competitivo, que no fue superado en los 90 minutos contra uno de los equipos m\u00e1s fuertes que hay en Sudam\u00e9rica. Demostramos car\u00e1cter, mentalidad, no bajamos los brazos, se encontr\u00f3 con un 2-0 y no se desesper\u00f3&#8221;, asegur\u00f3.<\/p><\/blockquote>\n<p style=\"text-align: center;\"><a href=\"https:\/\/www.futboltotal.com.mx\/2016\/12\/real-madrid-campeon-del-mundial-clubes\/\"><span style=\"color: #3366ff;\">LEER M\u00c1S: Am\u00e9rica cae en penales ante Atl\u00e9tico Nacional<\/span><\/a><\/p>\n<p>Este d\u00eda las <em>\u00c1guilas<\/em> se levantaron de un 0-2 para emparejar las acciones 2-2 contra Atl\u00e9tico Nacional en el choque por el tercer lugar, pero el club mexicano cedi\u00f3 ese puesto al caer en la tanda de penales por 4-3.<\/p>\n<blockquote><p>&#8220;Fue un partido de alto nivel, creo que los dos equipos fueron muy competitivos y a veces las derrotas a trav\u00e9s de los penales no gustan porque demuestran que no hubo superioridad del rival, significan que cualquiera de los dos pod\u00eda haber ganado&#8221;, manifest\u00f3.<\/p><\/blockquote>\n<p><strong>La Volpe<\/strong> subray\u00f3 que sus jugadores deben &#8220;estar con la conciencia bien porque ganamos el primer partido (contra el Jeonbuk), se perdi\u00f3 el segundo contra un rival que sab\u00edamos que era el m\u00e1s fuerte (Real Madrid) y Nacional es el equipo que siempre sale campe\u00f3n, tiene grandes individualidades y aqu\u00ed demostramos que somos competitivos&#8221;.<\/p>\n<p>El estratega americanista ya mostr\u00f3 alg\u00fan pensamiento de cara a la final del Torneo Apertura 2016 de la Liga MX contra Tigres de la UANL. El lunes y martes servir\u00e1n de recuperaci\u00f3n para preparar el duelo de ida programado para el jueves en el Estadio Azteca.<\/p>\n<blockquote><p>&#8220;Fisiol\u00f3gicamente el ser humano se adapta, vamos a tener lunes y martes con un poco de descompensaci\u00f3n, es l\u00f3gico. El equipo est\u00e1 bien mentalmente porque hoy est\u00e1bamos siendo superados y tuvo reacci\u00f3n y entrega. Eso te da moral, porque se perdi\u00f3 el tercer puesto pero no por una superioridad del rival y s\u00ed por penales que son una moneda al aire&#8221;, agreg\u00f3.<\/p><\/blockquote>\n","protected":false},"excerpt":{"rendered":"<p>Pese a quedar en cuarto lugar, el DT de las \u00c1guilas asegur\u00f3 que ning\u00fan club los super\u00f3.<\/p>\n","protected":false},"author":20,"featured_media":449732,"comment_status":"closed","ping_status":"closed","sticky":false,"template":"","format":"standard","meta":[],"categories":[5,3839],"tags":[5959,415],"_links":{"self":[{"href":"http:\/\/desarrollo.grupomedios.com\/futbol\/wp-json\/wp\/v2\/posts\/449731"}],"collection":[{"href":"http:\/\/desarrollo.grupomedios.com\/futbol\/wp-json\/wp\/v2\/posts"}],"about":[{"href":"http:\/\/desarrollo.grupomedios.com\/futbol\/wp-json\/wp\/v2\/types\/post"}],"author":[{"embeddable":true,"href":"http:\/\/desarrollo.grupomedios.com\/futbol\/wp-json\/wp\/v2\/users\/20"}],"replies":[{"embeddable":true,"href":"http:\/\/desarrollo.grupomedios.com\/futbol\/wp-json\/wp\/v2\/comments?post=449731"}],"version-history":[{"count":0,"href":"http:\/\/desarrollo.grupomedios.com\/futbol\/wp-json\/wp\/v2\/posts\/449731\/revisions"}],"wp:featuredmedia":[{"embeddable":true,"href":"http:\/\/desarrollo.grupomedios.com\/futbol\/wp-json\/wp\/v2\/media\/449732"}],"wp:attachment":[{"href":"http:\/\/desarrollo.grupomedios.com\/futbol\/wp-json\/wp\/v2\/media?parent=449731"}],"wp:term":[{"taxonomy":"category","embeddable":true,"href":"http:\/\/desarrollo.grupomedios.com\/futbol\/wp-json\/wp\/v2\/categories?post=449731"},{"taxonomy":"post_tag","embeddable":true,"href":"http:\/\/desarrollo.grupomedios.com\/futbol\/wp-json\/wp\/v2\/tags?post=449731"}],"curies":[{"name":"wp","href":"https:\/\/api.w.org\/{rel}","templated":true}]}}