{"id":449741,"date":"2016-12-18T10:24:44","date_gmt":"2016-12-18T16:24:44","guid":{"rendered":"https:\/\/www.futboltotal.com.mx\/?p=449741"},"modified":"2016-12-18T10:24:44","modified_gmt":"2016-12-18T16:24:44","slug":"dt-del-atletico-deseo-exito-al-america-en-la-final","status":"publish","type":"post","link":"http:\/\/desarrollo.grupomedios.com\/futbol\/futbol-internacional\/dt-del-atletico-deseo-exito-al-america-en-la-final\/2016\/12","title":{"rendered":"DT del Atl\u00e9tico dese\u00f3 \u00e9xito al Am\u00e9rica en la final\u00a0"},"content":{"rendered":"<p>El director t\u00e9cnico del Atl\u00e9tico Nacional,\u00a0Reinaldo Rueda, mostr\u00f3 respeto y dese\u00f3 al <strong>Am\u00e9rica<\/strong> &#8216;lo mejor&#8217; en la\u00a0Final de la Liga MX a disputarse este jueves y domingo ante Tigres.<\/p>\n<blockquote><p>&#8220;<strong>Am\u00e9rica<\/strong> hace respetar esa jerarqu\u00eda, una final ante\u00a0Tigres, una final muy disputada, t\u00edpica del f\u00fatbol mexicano, ojal\u00e1 Am\u00e9rica no\u00a0pague tributo a este viaje, seguro sus jugadores estaban pensando en esa final,\u00a0meritorio para ellos por el gran esfuerzo que han hecho ellos, ojal\u00e1 sea una\u00a0linda final para el f\u00fatbol mexicano, les deseo lo mejor&#8221;, indic\u00f3 el timonel tras ganar<b>\u00a0<\/b>el\u00a0tercer lugar del Mundial de Clubes.<\/p>\n<p style=\"text-align: center;\"><span style=\"color: #3366ff;\">LEER M\u00c1S: Todas las noticias de futbol internacional<\/span><\/p>\n<\/blockquote>\n<p>Adem\u00e1s, el ex Seleccionador de Honduras reiter\u00f3 su deseo porque los equipos mexicanos vuelvan a la Copa Libertadores, ya que a su \u00f3ptica\u00a0esto era positivo para todos los involucrados.<\/p>\n<blockquote><p>&#8220;<strong>Am\u00e9rica<\/strong> es un equipo de jerarqu\u00eda, de gran nivel, con\u00a0seleccionados nacionales con trayectoria internacional; este aspecto de intercambio\u00a0de culturas futbol\u00edsticas ha beneficiado a todos, que M\u00e9xico participe en\u00a0Libertadores, queda esperar a ver si se hace un ajuste en Libertadores para que\u00a0esto contin\u00fae&#8221;, apunt\u00f3.<\/p><\/blockquote>\n<p>Rueda se\u00f1al\u00f3 que el objetivo para el a\u00f1o entrante, adem\u00e1s de\u00a0ser bicampeones de Sudam\u00e9rica, es volver a ganar la liga: &#8220;Un a\u00f1o\u00a0bendecido por Dios, iniciamos con la Superliga, luego la Libertadores, una\u00a0buena Copa Sudamericana, cerramos el a\u00f1o no como quisi\u00e9ramos porque nos hubiera\u00a0gustado llegar a la final del Mundial de Clubes&#8221;.<\/p>\n<p>Asimismo dedic\u00f3 la victoria de esta noche a la memoria de las v\u00edctimas de la tragedia del Chapecoense.<\/p>\n<blockquote><p>&#8220;Es un tema que tratamos con el equipo, adem\u00e1s de\u00a0nuestro compromiso profesional y con nuestra afici\u00f3n ten\u00edamos esa deuda moral\u00a0con las familias del futbol brasile\u00f1o, brindarles ese paliativo&#8221;, agreg\u00f3.<\/p><\/blockquote>\n","protected":false},"excerpt":{"rendered":"<p>El estratega tambi\u00e9n dese\u00f3 que M\u00e9xico vuelva pronto a la Copa Libertadores. <\/p>\n","protected":false},"author":20,"featured_media":449742,"comment_status":"closed","ping_status":"closed","sticky":false,"template":"","format":"standard","meta":[],"categories":[3839],"tags":[5959,415],"_links":{"self":[{"href":"http:\/\/desarrollo.grupomedios.com\/futbol\/wp-json\/wp\/v2\/posts\/449741"}],"collection":[{"href":"http:\/\/desarrollo.grupomedios.com\/futbol\/wp-json\/wp\/v2\/posts"}],"about":[{"href":"http:\/\/desarrollo.grupomedios.com\/futbol\/wp-json\/wp\/v2\/types\/post"}],"author":[{"embeddable":true,"href":"http:\/\/desarrollo.grupomedios.com\/futbol\/wp-json\/wp\/v2\/users\/20"}],"replies":[{"embeddable":true,"href":"http:\/\/desarrollo.grupomedios.com\/futbol\/wp-json\/wp\/v2\/comments?post=449741"}],"version-history":[{"count":0,"href":"http:\/\/desarrollo.grupomedios.com\/futbol\/wp-json\/wp\/v2\/posts\/449741\/revisions"}],"wp:featuredmedia":[{"embeddable":true,"href":"http:\/\/desarrollo.grupomedios.com\/futbol\/wp-json\/wp\/v2\/media\/449742"}],"wp:attachment":[{"href":"http:\/\/desarrollo.grupomedios.com\/futbol\/wp-json\/wp\/v2\/media?parent=449741"}],"wp:term":[{"taxonomy":"category","embeddable":true,"href":"http:\/\/desarrollo.grupomedios.com\/futbol\/wp-json\/wp\/v2\/categories?post=449741"},{"taxonomy":"post_tag","embeddable":true,"href":"http:\/\/desarrollo.grupomedios.com\/futbol\/wp-json\/wp\/v2\/tags?post=449741"}],"curies":[{"name":"wp","href":"https:\/\/api.w.org\/{rel}","templated":true}]}}