{"id":449744,"date":"2016-12-18T10:38:11","date_gmt":"2016-12-18T16:38:11","guid":{"rendered":"https:\/\/www.futboltotal.com.mx\/?p=449744"},"modified":"2016-12-18T10:38:11","modified_gmt":"2016-12-18T16:38:11","slug":"james-deja-en-aire","status":"publish","type":"post","link":"http:\/\/desarrollo.grupomedios.com\/futbol\/futbol-internacional\/james-deja-en-aire\/2016\/12","title":{"rendered":"James deja su futuro en el aire"},"content":{"rendered":"<p><strong>James Rodr\u00edguez<\/strong>, que no jug\u00f3 ning\u00fan minuto en la final del Mundial de Clubes 2016, dej\u00f3 su futuro en el club blanco en el aire al afirmar que en el par\u00f3n navide\u00f1o tiene que &#8220;pensar todo&#8221; y &#8220;buscar salidas&#8221;.<\/p>\n<p>Despu\u00e9s de disputar tan solo 18 minutos en el Mundial de Clubes, en la recta final del encuentro de semifinales ante el Am\u00e9rica mexicano, James mostr\u00f3 en la zona mixta del estadio Internacional de Yokohama las dudas que tiene sobre su futuro.<\/p>\n<p style=\"text-align: center;\"><span style=\"color: #3366ff;\">LEER M\u00c1S: Todas las noticias de futbol internacional<\/span><\/p>\n<blockquote><p>&#8220;No te puedo asegurar eso&#8221;, respondi\u00f3 cuando fue preguntado por si seguir\u00e1 en el Real Madrid tras el mercado invernal.<\/p><\/blockquote>\n<p>El centrocampista colombiano no ocult\u00f3 que es feliz en Madrid ni su frustraci\u00f3n por no tener continuidad en el equipo titular con Zinedine Zidane.<\/p>\n<blockquote><p>&#8220;A veces no se da todo como uno quiere, pero hay que estar tranquilo. Tengo siete d\u00edas para poder pensar todo. Yo quiero estar aqu\u00ed, pero a veces no se dan las cosas. Hay que pensar bien todo y no puedo asegurar si sigo o no porque quiero jugar m\u00e1s&#8221;, dijo.<\/p><\/blockquote>\n<p>Consciente de las consecuencias que pueden tener sus declaraciones, <strong>James<\/strong> insisti\u00f3 en que es feliz en Madrid, pero se\u00f1al\u00f3 que tiene varias ofertas en la mesa para abandonar el club blanco.<\/p>\n<blockquote><p>&#8220;Quiero quedarme, estoy siendo feliz aqu\u00ed, pero quiero jugar m\u00e1s. Estoy feliz y los que est\u00e1n cerca m\u00edo tambi\u00e9n. Madrid es una ciudad en la que quiero estar siempre, pero si quiero jugar m\u00e1s hay que pensar bien todo y buscar salidas&#8221;, sentenci\u00f3.<\/p><\/blockquote>\n","protected":false},"excerpt":{"rendered":"<p>El colombiano, segunda opci\u00f3n para Zidane, piensa en dejar al Real Madrid.<\/p>\n","protected":false},"author":20,"featured_media":449745,"comment_status":"closed","ping_status":"closed","sticky":false,"template":"","format":"standard","meta":[],"categories":[3839],"tags":[6082,5988],"_links":{"self":[{"href":"http:\/\/desarrollo.grupomedios.com\/futbol\/wp-json\/wp\/v2\/posts\/449744"}],"collection":[{"href":"http:\/\/desarrollo.grupomedios.com\/futbol\/wp-json\/wp\/v2\/posts"}],"about":[{"href":"http:\/\/desarrollo.grupomedios.com\/futbol\/wp-json\/wp\/v2\/types\/post"}],"author":[{"embeddable":true,"href":"http:\/\/desarrollo.grupomedios.com\/futbol\/wp-json\/wp\/v2\/users\/20"}],"replies":[{"embeddable":true,"href":"http:\/\/desarrollo.grupomedios.com\/futbol\/wp-json\/wp\/v2\/comments?post=449744"}],"version-history":[{"count":0,"href":"http:\/\/desarrollo.grupomedios.com\/futbol\/wp-json\/wp\/v2\/posts\/449744\/revisions"}],"wp:featuredmedia":[{"embeddable":true,"href":"http:\/\/desarrollo.grupomedios.com\/futbol\/wp-json\/wp\/v2\/media\/449745"}],"wp:attachment":[{"href":"http:\/\/desarrollo.grupomedios.com\/futbol\/wp-json\/wp\/v2\/media?parent=449744"}],"wp:term":[{"taxonomy":"category","embeddable":true,"href":"http:\/\/desarrollo.grupomedios.com\/futbol\/wp-json\/wp\/v2\/categories?post=449744"},{"taxonomy":"post_tag","embeddable":true,"href":"http:\/\/desarrollo.grupomedios.com\/futbol\/wp-json\/wp\/v2\/tags?post=449744"}],"curies":[{"name":"wp","href":"https:\/\/api.w.org\/{rel}","templated":true}]}}