{"id":449747,"date":"2016-12-18T11:21:47","date_gmt":"2016-12-18T17:21:47","guid":{"rendered":"https:\/\/www.futboltotal.com.mx\/?p=449747"},"modified":"2016-12-18T11:23:50","modified_gmt":"2016-12-18T17:23:50","slug":"video-asistente-no-marco-un-penal-para-el-america","status":"publish","type":"post","link":"http:\/\/desarrollo.grupomedios.com\/futbol\/futbol-internacional\/video-asistente-no-marco-un-penal-para-el-america\/2016\/12","title":{"rendered":"Video asistente no marc\u00f3 un penal para el Am\u00e9rica"},"content":{"rendered":"<p>La tecnolog\u00eda del video asistente utilizada en el Mundial de Clubes Jap\u00f3n 2016 volvi\u00f3 a dar de qu\u00e9 hablar en el partido por el tercer lugar que disputaron <strong>Am\u00e9rica<\/strong> y Atl\u00e9tico Nacional este domingo.<\/p>\n<p>Y es que ni siquiera fue consultada por el \u00e1rbitro\u00a0Najaf Shukralla para se\u00f1alar una penal leg\u00edtimo sobre el mediocampista y capit\u00e1n del <strong>Am\u00e9rica<\/strong>, Ruben Sambueza, quien al minuto 21 fue derribado en un mano a mano por el portero del conjunto verdolaga.<\/p>\n<p style=\"text-align: center;\"><span style=\"color: #3366ff;\">LEER M\u00c1S: Todas las noticias de futbol internacional\u00a0<\/span><\/p>\n<p style=\"text-align: center;\"><a href=\"https:\/\/www.futboltotal.com.mx\/wp-content\/uploads\/2016\/12\/America-4.jpg\"><img decoding=\"async\" loading=\"lazy\" class=\"alignnone size-full wp-image-449748\" src=\"https:\/\/www.futboltotal.com.mx\/wp-content\/uploads\/2016\/12\/America-4.jpg\" alt=\"america\" srcset=\"http:\/\/desarrollo.grupomedios.com\/futbol\/wp-content\/uploads\/2016\/12\/America-4.jpg 1136w, http:\/\/desarrollo.grupomedios.com\/futbol\/wp-content\/uploads\/2016\/12\/America-4-300x169.jpg 300w, http:\/\/desarrollo.grupomedios.com\/futbol\/wp-content\/uploads\/2016\/12\/America-4-768x432.jpg 768w, http:\/\/desarrollo.grupomedios.com\/futbol\/wp-content\/uploads\/2016\/12\/America-4-1024x576.jpg 1024w, http:\/\/desarrollo.grupomedios.com\/futbol\/wp-content\/uploads\/2016\/12\/America-4-317x178.jpg 317w, http:\/\/desarrollo.grupomedios.com\/futbol\/wp-content\/uploads\/2016\/12\/America-4-535x301.jpg 535w, http:\/\/desarrollo.grupomedios.com\/futbol\/wp-content\/uploads\/2016\/12\/America-4-374x210.jpg 374w\" sizes=\"(max-width: 1136px) 100vw, 1136px\" \/><\/a><\/p>\n<p style=\"text-align: left;\">Najaf Shukralla no marc\u00f3 el penal en primera instancia, no se apoy\u00f3 con el juez de linea y mucho menos \u00a0recibi\u00f3 un mensaje por el intercomunicador por parte de los encargados del video asistente.<\/p>\n<p>Al t\u00e9rmino del partido, el entrenador del <strong>Am\u00e9rica<\/strong>, Ricardo La Volpe, apunt\u00f3 que desde la banca solicit\u00f3 &#8220;dos o tres veces que buscaran la famosa c\u00e1mara y no la usaron&#8221;.<\/p>\n<p>En este Mundial de Clubes, el asistente de video se utiliz\u00f3 por primera vez en la semifinal entre Atl\u00e9tico Nacional y Kashima Antlers, para pitar un penalti en favor del cuadro nip\u00f3n. Asimismo se utiliz\u00f3 en la otra semifinal entre<strong> Am\u00e9rica<\/strong> y Real Madrid para validar un gol de Cristiano Ronaldo.<\/p>\n","protected":false},"excerpt":{"rendered":"<p>La Volpe pidi\u00f3 que utilizaran la repetici\u00f3n y nunca le hicieron caso.<\/p>\n","protected":false},"author":20,"featured_media":449748,"comment_status":"closed","ping_status":"closed","sticky":false,"template":"","format":"standard","meta":[],"categories":[3839],"tags":[5959,415],"_links":{"self":[{"href":"http:\/\/desarrollo.grupomedios.com\/futbol\/wp-json\/wp\/v2\/posts\/449747"}],"collection":[{"href":"http:\/\/desarrollo.grupomedios.com\/futbol\/wp-json\/wp\/v2\/posts"}],"about":[{"href":"http:\/\/desarrollo.grupomedios.com\/futbol\/wp-json\/wp\/v2\/types\/post"}],"author":[{"embeddable":true,"href":"http:\/\/desarrollo.grupomedios.com\/futbol\/wp-json\/wp\/v2\/users\/20"}],"replies":[{"embeddable":true,"href":"http:\/\/desarrollo.grupomedios.com\/futbol\/wp-json\/wp\/v2\/comments?post=449747"}],"version-history":[{"count":0,"href":"http:\/\/desarrollo.grupomedios.com\/futbol\/wp-json\/wp\/v2\/posts\/449747\/revisions"}],"wp:featuredmedia":[{"embeddable":true,"href":"http:\/\/desarrollo.grupomedios.com\/futbol\/wp-json\/wp\/v2\/media\/449748"}],"wp:attachment":[{"href":"http:\/\/desarrollo.grupomedios.com\/futbol\/wp-json\/wp\/v2\/media?parent=449747"}],"wp:term":[{"taxonomy":"category","embeddable":true,"href":"http:\/\/desarrollo.grupomedios.com\/futbol\/wp-json\/wp\/v2\/categories?post=449747"},{"taxonomy":"post_tag","embeddable":true,"href":"http:\/\/desarrollo.grupomedios.com\/futbol\/wp-json\/wp\/v2\/tags?post=449747"}],"curies":[{"name":"wp","href":"https:\/\/api.w.org\/{rel}","templated":true}]}}