{"id":449777,"date":"2016-12-18T14:51:06","date_gmt":"2016-12-18T20:51:06","guid":{"rendered":"https:\/\/www.futboltotal.com.mx\/?p=449777"},"modified":"2016-12-18T14:51:06","modified_gmt":"2016-12-18T20:51:06","slug":"balotelli-niza-en-la-cima-francia","status":"publish","type":"post","link":"http:\/\/desarrollo.grupomedios.com\/futbol\/futbol-internacional\/balotelli-niza-en-la-cima-francia\/2016\/12","title":{"rendered":"Balotelli y Niza en la cima de Francia"},"content":{"rendered":"<p>Un doblete del italiano <strong>Mario Balotelli<\/strong> dio la victoria al<strong> Niza<\/strong> ante el <strong>Dijon<\/strong>\u00a0y le fortaleci\u00f3 en el liderato de la <strong>Ligue 1<\/strong>, que este fin de semana alcanz\u00f3 la decimoctava jornada.<\/p>\n<p>El <strong>Niza<\/strong> prolonga cada jornada su condici\u00f3n de revelaci\u00f3n del curso. El cuadro de <strong>Lucien Favre<\/strong> se reencontr\u00f3 con el triunfo tras el empate cosechado la pasada jornada en el Parque de los Pr\u00edncipes con el <strong>Paris Saint Germain<\/strong>, distanciado ahora en siete puntos tras perder el s\u00e1bado con el <strong>Guingamp.<\/strong><\/p>\n<p style=\"text-align: center;\"><span style=\"color: #3366ff;\"><a style=\"color: #3366ff;\" href=\"https:\/\/www.futboltotal.com.mx\/2016\/12\/filtran-posible-tercer-uniforme-chivas\/\" target=\"_blank\">LEER M\u00c1S: Filtran posible tercer uniforme de Chivas<\/a><\/span><\/p>\n<p>Un penalti cobrado\u00a0por <strong>Balotelli<\/strong> a la media hora encarril\u00f3 el marcador para el <strong>Niza<\/strong>, aunque el caboverdiano <strong>Julio Tavares<\/strong>, tambi\u00e9n desde los once metros, igual\u00f3 en el minuto 37. En la segunda parte, el atacante italiano volvi\u00f3 a marcar para dar la victoria a su equipo.<\/p>\n<p><iframe loading=\"lazy\" src=\"https:\/\/www.youtube.com\/embed\/CaJ3gnrMAiA?feature=oembed\" frameborder=\"0\" allowfullscreen><\/iframe><\/p>\n<p><strong>Mario<\/strong>\u00a0acumula ocho goles en los ocho partidos de la Ligue 1 que ha disputado. Regres\u00f3 a la titularidad despu\u00e9s de una lesi\u00f3n que le ha mantenido apartado de los terrenos de juego durante cerca de un mes.<\/p>\n<p>https:\/\/twitter.com\/ogcnice\/status\/810516860185825280<\/p>\n<p>S\u00edguenos en Twitter: <a href=\"https:\/\/twitter.com\/MXFutbolTotal\" target=\"_blank\">@MXFutbolTotal<\/a><\/p>\n","protected":false},"excerpt":{"rendered":"<p>Un doblete del Nene le da la victoria a su equipo. <\/p>\n","protected":false},"author":144,"featured_media":449787,"comment_status":"closed","ping_status":"closed","sticky":false,"template":"","format":"standard","meta":[],"categories":[3839,7521],"tags":[3633,408,704,5165],"_links":{"self":[{"href":"http:\/\/desarrollo.grupomedios.com\/futbol\/wp-json\/wp\/v2\/posts\/449777"}],"collection":[{"href":"http:\/\/desarrollo.grupomedios.com\/futbol\/wp-json\/wp\/v2\/posts"}],"about":[{"href":"http:\/\/desarrollo.grupomedios.com\/futbol\/wp-json\/wp\/v2\/types\/post"}],"author":[{"embeddable":true,"href":"http:\/\/desarrollo.grupomedios.com\/futbol\/wp-json\/wp\/v2\/users\/144"}],"replies":[{"embeddable":true,"href":"http:\/\/desarrollo.grupomedios.com\/futbol\/wp-json\/wp\/v2\/comments?post=449777"}],"version-history":[{"count":0,"href":"http:\/\/desarrollo.grupomedios.com\/futbol\/wp-json\/wp\/v2\/posts\/449777\/revisions"}],"wp:featuredmedia":[{"embeddable":true,"href":"http:\/\/desarrollo.grupomedios.com\/futbol\/wp-json\/wp\/v2\/media\/449787"}],"wp:attachment":[{"href":"http:\/\/desarrollo.grupomedios.com\/futbol\/wp-json\/wp\/v2\/media?parent=449777"}],"wp:term":[{"taxonomy":"category","embeddable":true,"href":"http:\/\/desarrollo.grupomedios.com\/futbol\/wp-json\/wp\/v2\/categories?post=449777"},{"taxonomy":"post_tag","embeddable":true,"href":"http:\/\/desarrollo.grupomedios.com\/futbol\/wp-json\/wp\/v2\/tags?post=449777"}],"curies":[{"name":"wp","href":"https:\/\/api.w.org\/{rel}","templated":true}]}}