{"id":449797,"date":"2016-12-18T16:01:48","date_gmt":"2016-12-18T22:01:48","guid":{"rendered":"https:\/\/www.futboltotal.com.mx\/?p=449797"},"modified":"2016-12-18T16:06:43","modified_gmt":"2016-12-18T22:06:43","slug":"termina-huelga-hambre-cuauhtemoc-blanco","status":"publish","type":"post","link":"http:\/\/desarrollo.grupomedios.com\/futbol\/cambio-de-juego\/termina-huelga-hambre-cuauhtemoc-blanco\/2016\/12","title":{"rendered":"Termina huelga de hambre de Cuauht\u00e9moc Blanco"},"content":{"rendered":"<p>Luego de 36 horas de ayuno, <strong>Cuauht\u00e9moc Blanco<\/strong> culmina la huelga de hambre que manten\u00eda en la Catedral del centro de Cuernavaca, en donde desempe\u00f1a el papel de Gobernador.<\/p>\n<p>El motivo de la huelga fue porque el <strong>Tribunal de Justicia de Morelos<\/strong>,\u00a0dio entrada e integr\u00f3 una comisi\u00f3n para revisar la solicitud de juicio pol\u00edtico contra el alcalde de Cuernavaca,\u00a0que abri\u00f3 en su contra el Congreso del Estado.<\/p>\n<p style=\"text-align: center;\"><span style=\"color: #3366ff;\"><a style=\"color: #3366ff;\" href=\"https:\/\/www.futboltotal.com.mx\/2016\/12\/cristiano-firma-un-ano-historico\/\" target=\"_blank\">LEER M\u00c1S: Cristiano Ronaldo firma un a\u00f1o hist\u00f3rico<\/a><\/span><\/p>\n<blockquote><p>&#8220;Ayer la #SCJN anunci\u00f3 que se concede suspensi\u00f3n solicitada por el Municipio de Cuernavaca al procedimiento de juicio pol\u00edtico en mi contra. Despu\u00e9s de este triunfo levanto la huelga de hambre iniciada el viernes pasado&#8221; public\u00f3 en su Facebook el ex jugador de futbol.<\/p><\/blockquote>\n<blockquote class=\"twitter-tweet\" data-width=\"500\">\n<p lang=\"es\" dir=\"ltr\">Seguimos creyendo en las instituciones y vamos a mantener nuestra lucha por la autonom\u00eda municipal de <a href=\"https:\/\/twitter.com\/hashtag\/Cuernavaca?src=hash\">#Cuernavaca<\/a>. <a href=\"https:\/\/t.co\/9Fu5G8Imff\">https:\/\/t.co\/9Fu5G8Imff<\/a>\u2026<\/p>\n<p>&mdash; Cuauht\u00e9moc Blanco (@cuauhtemocb10) <a href=\"https:\/\/twitter.com\/cuauhtemocb10\/status\/810558629468401664\">December 18, 2016<\/a><\/p><\/blockquote>\n<p><script async src=\"\/\/platform.twitter.com\/widgets.js\" charset=\"utf-8\"><\/script><\/p>\n<p>Tras un mitin enfrente de la Catedral, el jefe de comunicaci\u00f3n del municipio, <strong>Luis Alberto Beltr\u00e1n<\/strong>, inform\u00f3 que la <strong>Suprema Corte de Justicia de la Naci\u00f3n<\/strong> hab\u00eda concedido la suspensi\u00f3n de juicio pol\u00edtico iniciado contra &#8216;Cuau&#8217;.<\/p>\n<blockquote><p>&#8220;El s\u00e1bado 17 de diciembre de 2016, en la p\u00e1gina de la Suprema Corte de Justicia de la Naci\u00f3n, dentro de la Lista de Notificaciones Seccio\u0301n de Tra\u0301mite de Controversias Constitucionales y de Acciones de Inconstitucionalidad, se public\u00f3 extracto del acuerdo dictado en el incidente de suspensio\u0301n de la Controversia Constitucional 251\/2016, el cual se\u00f1ala que se concede la suspensio\u0301n solicitada por el <strong>Municipio de Cuernavaca<\/strong>&#8220;, inform\u00f3 el municipio de Cuernavaca luego de la suspensi\u00f3n de dicho juicio.<\/p><\/blockquote>\n<p>S\u00edguenos en Twitter: <span style=\"color: #3366ff;\"><a style=\"color: #3366ff;\" href=\"https:\/\/twitter.com\/MXFutbolTotal\" target=\"_blank\">@MXFutbolTotal<\/a><\/span><\/p>\n<p>&nbsp;<\/p>\n","protected":false},"excerpt":{"rendered":"<p>Tras 36 horas de ayuno, concluy\u00f3 la huelga de hambre de &#8216;Cuau&#8217;.<\/p>\n","protected":false},"author":20,"featured_media":449805,"comment_status":"closed","ping_status":"closed","sticky":false,"template":"","format":"standard","meta":[],"categories":[5419],"tags":[7010],"_links":{"self":[{"href":"http:\/\/desarrollo.grupomedios.com\/futbol\/wp-json\/wp\/v2\/posts\/449797"}],"collection":[{"href":"http:\/\/desarrollo.grupomedios.com\/futbol\/wp-json\/wp\/v2\/posts"}],"about":[{"href":"http:\/\/desarrollo.grupomedios.com\/futbol\/wp-json\/wp\/v2\/types\/post"}],"author":[{"embeddable":true,"href":"http:\/\/desarrollo.grupomedios.com\/futbol\/wp-json\/wp\/v2\/users\/20"}],"replies":[{"embeddable":true,"href":"http:\/\/desarrollo.grupomedios.com\/futbol\/wp-json\/wp\/v2\/comments?post=449797"}],"version-history":[{"count":0,"href":"http:\/\/desarrollo.grupomedios.com\/futbol\/wp-json\/wp\/v2\/posts\/449797\/revisions"}],"wp:featuredmedia":[{"embeddable":true,"href":"http:\/\/desarrollo.grupomedios.com\/futbol\/wp-json\/wp\/v2\/media\/449805"}],"wp:attachment":[{"href":"http:\/\/desarrollo.grupomedios.com\/futbol\/wp-json\/wp\/v2\/media?parent=449797"}],"wp:term":[{"taxonomy":"category","embeddable":true,"href":"http:\/\/desarrollo.grupomedios.com\/futbol\/wp-json\/wp\/v2\/categories?post=449797"},{"taxonomy":"post_tag","embeddable":true,"href":"http:\/\/desarrollo.grupomedios.com\/futbol\/wp-json\/wp\/v2\/tags?post=449797"}],"curies":[{"name":"wp","href":"https:\/\/api.w.org\/{rel}","templated":true}]}}