{"id":449818,"date":"2016-12-18T17:17:22","date_gmt":"2016-12-18T23:17:22","guid":{"rendered":"https:\/\/www.futboltotal.com.mx\/?p=449818"},"modified":"2016-12-18T17:17:22","modified_gmt":"2016-12-18T23:17:22","slug":"detienen-jugador-chiapas-guadalajara","status":"publish","type":"post","link":"http:\/\/desarrollo.grupomedios.com\/futbol\/futbol-mexicano\/detienen-jugador-chiapas-guadalajara\/2016\/12","title":{"rendered":"Detienen a jugador de Chiapas en Guadalajara"},"content":{"rendered":"<p>Esta madrugada el mediocampista de Jaguares, <strong>Jonath\u00e1n Fabbro<\/strong> fue detenido en el aeropuerto de Guadalajara por no declarar unos cheques sin fondos que le otorg\u00f3 <strong>Chiapas<\/strong> tras el adeudo que ten\u00eda con el jugador.<\/p>\n<p><strong>Fabbro,<\/strong> viajaba para integrarse con el equipo durante la pretemporada, sin embargo elemento de migraci\u00f3n ya esperaban al futbolista para cuando aterrizara lo pudieran detener. Se revel\u00f3 que el jugador fue tratado como delincuente e incluso lo ten\u00edan incomunicado.<\/p>\n<p style=\"text-align: center;\"><a href=\"https:\/\/www.futboltotal.com.mx\/2016\/12\/barcelona-tritura-racha-reyes-espanyol\/\" target=\"_blank\">LEER M\u00c1S: Barcelona acaba con racha de Reyes y el Espanyol<\/a><\/p>\n<blockquote><p>&#8220;Lo revisaron hasta m\u00e1s no poder. Saben que es un futbolista. Lo trataron como un narcotraficante. Lo agarraron por unos cheques que tiene sin fondo que le dio Jaguares, pero que le pag\u00f3 por otro lado. Jonathan los ten\u00eda en su billetera y con eso lo quisieron parar para sacarle dinero&#8221;, se\u00f1al\u00f3 su representante <strong>Domenech<\/strong> para la cadena <em>ESPN.<\/em><\/p><\/blockquote>\n<p>El agente de<strong> Jonath\u00e1n<\/strong> asegura que el futbolista se encuentra mal, y que los elementos de seguridad lo est\u00e1n tratando de una muy mala manera.<\/p>\n<blockquote><p>&#8220;Cruce palabra hace una hora con \u00e9l. Est\u00e1 quebrado. Es incre\u00edble c\u00f3mo lo han tratado. Hay una intenci\u00f3n clara de sacar provecho, porque llegaron amenazar de deportarlo y llamar a la embajada de Paraguay&#8221;, inform\u00f3 el manager del jugador.<\/p><\/blockquote>\n<p>Para finalizar <strong>Domenech<\/strong> asegur\u00f3 que le informaron que las personas que lo detuvieron est\u00e1n buscando su &#8220;regalo de navidad&#8221;.<\/p>\n<blockquote><p>&#8220;Me dicen que estas personas buscan su dinero de Navidad lo cual es vergonzoso, por el momento quiero decirle a su familia que est\u00e1 bien de salud, pero s\u00ed con este problema que nos tiene muy preocupados&#8221;, finaliz\u00f3 el agente.<\/p><\/blockquote>\n<p>Se espera que en las pr\u00f3ximas horas el futbolista guaran\u00ed quede en libertad.<\/p>\n<p>S\u00edguenos en Twitter: <a href=\"https:\/\/twitter.com\/MXFutbolTotal\" target=\"_blank\">@MXFutbolTotal<\/a><\/p>\n<p>&nbsp;<\/p>\n","protected":false},"excerpt":{"rendered":"<p>El futbolista se encuentra incomunicado. <\/p>\n","protected":false},"author":20,"featured_media":449819,"comment_status":"closed","ping_status":"closed","sticky":false,"template":"","format":"standard","meta":[],"categories":[2198,3845,5950],"tags":[5964,7826],"_links":{"self":[{"href":"http:\/\/desarrollo.grupomedios.com\/futbol\/wp-json\/wp\/v2\/posts\/449818"}],"collection":[{"href":"http:\/\/desarrollo.grupomedios.com\/futbol\/wp-json\/wp\/v2\/posts"}],"about":[{"href":"http:\/\/desarrollo.grupomedios.com\/futbol\/wp-json\/wp\/v2\/types\/post"}],"author":[{"embeddable":true,"href":"http:\/\/desarrollo.grupomedios.com\/futbol\/wp-json\/wp\/v2\/users\/20"}],"replies":[{"embeddable":true,"href":"http:\/\/desarrollo.grupomedios.com\/futbol\/wp-json\/wp\/v2\/comments?post=449818"}],"version-history":[{"count":0,"href":"http:\/\/desarrollo.grupomedios.com\/futbol\/wp-json\/wp\/v2\/posts\/449818\/revisions"}],"wp:featuredmedia":[{"embeddable":true,"href":"http:\/\/desarrollo.grupomedios.com\/futbol\/wp-json\/wp\/v2\/media\/449819"}],"wp:attachment":[{"href":"http:\/\/desarrollo.grupomedios.com\/futbol\/wp-json\/wp\/v2\/media?parent=449818"}],"wp:term":[{"taxonomy":"category","embeddable":true,"href":"http:\/\/desarrollo.grupomedios.com\/futbol\/wp-json\/wp\/v2\/categories?post=449818"},{"taxonomy":"post_tag","embeddable":true,"href":"http:\/\/desarrollo.grupomedios.com\/futbol\/wp-json\/wp\/v2\/tags?post=449818"}],"curies":[{"name":"wp","href":"https:\/\/api.w.org\/{rel}","templated":true}]}}