{"id":449855,"date":"2016-12-19T09:09:02","date_gmt":"2016-12-19T15:09:02","guid":{"rendered":"https:\/\/www.futboltotal.com.mx\/?p=449855"},"modified":"2016-12-19T09:09:02","modified_gmt":"2016-12-19T15:09:02","slug":"detienen-a-presidente-la-federacion-mexicana-atletismo","status":"publish","type":"post","link":"http:\/\/desarrollo.grupomedios.com\/futbol\/no-todo-es-futbol\/detienen-a-presidente-la-federacion-mexicana-atletismo\/2016\/12","title":{"rendered":"Detienen a presidente de la Federaci\u00f3n Mexicana de Atletismo"},"content":{"rendered":"<p><strong>Antonio Lozada<\/strong>, fue detenido esta madrugada por elementos de la PGR en el aeropuerto de la Ciudad de M\u00e9xico. Antonio es presidente de la <strong>Federaci\u00f3n Mexicana de Atletismo<\/strong> y <strong>Federaci\u00f3n Mexicana de Asociaciones de Atletismo.\u00a0<\/strong><\/p>\n<p>El mexicano hab\u00eda recibido recursos federales por 4 millones 831 mil 197 pesos, mismos que iban destinados para fines deportivos y fueron desviados, por esa acci\u00f3n se le acusa por <strong>peculado.<\/strong><\/p>\n<p style=\"text-align: center;\"><span style=\"color: #3366ff;\"><a style=\"color: #3366ff;\" href=\"https:\/\/www.futboltotal.com.mx\/2016\/12\/la-fifa-vuelve-a-multar-a-mexico-grito-homofobico\/\" target=\"_blank\">LEER M\u00c1S: La FIFA vuelve a multar a M\u00e9xico por grito homofobico<\/a><\/span><\/p>\n<p>La orden fue girada por el juez s\u00e9ptimo de distrito de procesos penales federales de la Ciudad de M\u00e9xico. Se informa que podr\u00eda ingresar e las pr\u00f3ximas horas al reclusorio sur de la Capital.<\/p>\n<blockquote class=\"twitter-tweet\" data-width=\"500\">\n<p lang=\"es\" dir=\"ltr\">Detenci\u00f3n esta madrugada de Antonio Lozano, Presidente de la Federaci\u00f3n mexicana de atletismo, primicia de <a href=\"https:\/\/twitter.com\/hashtag\/DespiertaConLoret?src=hash\">#DespiertaConLoret<\/a> <a href=\"https:\/\/t.co\/PR2WgcgvLc\">pic.twitter.com\/PR2WgcgvLc<\/a><\/p>\n<p>&mdash; Carlos Loret de Mola (@CarlosLoret) <a href=\"https:\/\/twitter.com\/CarlosLoret\/status\/810844683790323712\">December 19, 2016<\/a><\/p><\/blockquote>\n<p><script async src=\"\/\/platform.twitter.com\/widgets.js\" charset=\"utf-8\"><\/script><\/p>\n<p>S\u00edguenos en Twitter: <a href=\"https:\/\/twitter.com\/MXFutbolTotal\" target=\"_blank\">@MXFutbolTotal<\/a><\/p>\n","protected":false},"excerpt":{"rendered":"<p>El directivo es acusado de peculado. <\/p>\n","protected":false},"author":20,"featured_media":449859,"comment_status":"closed","ping_status":"closed","sticky":false,"template":"","format":"standard","meta":[],"categories":[7187,5419,5418],"tags":[7829],"_links":{"self":[{"href":"http:\/\/desarrollo.grupomedios.com\/futbol\/wp-json\/wp\/v2\/posts\/449855"}],"collection":[{"href":"http:\/\/desarrollo.grupomedios.com\/futbol\/wp-json\/wp\/v2\/posts"}],"about":[{"href":"http:\/\/desarrollo.grupomedios.com\/futbol\/wp-json\/wp\/v2\/types\/post"}],"author":[{"embeddable":true,"href":"http:\/\/desarrollo.grupomedios.com\/futbol\/wp-json\/wp\/v2\/users\/20"}],"replies":[{"embeddable":true,"href":"http:\/\/desarrollo.grupomedios.com\/futbol\/wp-json\/wp\/v2\/comments?post=449855"}],"version-history":[{"count":0,"href":"http:\/\/desarrollo.grupomedios.com\/futbol\/wp-json\/wp\/v2\/posts\/449855\/revisions"}],"wp:featuredmedia":[{"embeddable":true,"href":"http:\/\/desarrollo.grupomedios.com\/futbol\/wp-json\/wp\/v2\/media\/449859"}],"wp:attachment":[{"href":"http:\/\/desarrollo.grupomedios.com\/futbol\/wp-json\/wp\/v2\/media?parent=449855"}],"wp:term":[{"taxonomy":"category","embeddable":true,"href":"http:\/\/desarrollo.grupomedios.com\/futbol\/wp-json\/wp\/v2\/categories?post=449855"},{"taxonomy":"post_tag","embeddable":true,"href":"http:\/\/desarrollo.grupomedios.com\/futbol\/wp-json\/wp\/v2\/tags?post=449855"}],"curies":[{"name":"wp","href":"https:\/\/api.w.org\/{rel}","templated":true}]}}