{"id":449885,"date":"2016-12-19T10:32:55","date_gmt":"2016-12-19T16:32:55","guid":{"rendered":"https:\/\/www.futboltotal.com.mx\/?p=449885"},"modified":"2016-12-19T10:32:55","modified_gmt":"2016-12-19T16:32:55","slug":"simeone-se-siente-en-habitat-cuando-dificultades","status":"publish","type":"post","link":"http:\/\/desarrollo.grupomedios.com\/futbol\/uncategorized\/simeone-se-siente-en-habitat-cuando-dificultades\/2016\/12","title":{"rendered":"Simeone se siente en su h\u00e1bitat cuando hay dificultades"},"content":{"rendered":"<p>El argentino <strong>Diego Simeon<\/strong>e, entrenador del Atl\u00e9tico de Madrid, destac\u00f3 este lunes que tiene &#8220;las mejores&#8221; sensaciones y\u00a0 dijo que, &#8220;cuando se presentan dificultades&#8221;, se siente &#8220;mucho m\u00e1s presente&#8221; y en su &#8220;h\u00e1bitat&#8221;, recalc\u00f3 que los &#8220;desaf\u00edos le encantan&#8221; y admiti\u00f3 que el equipo tiene que &#8220;mejorar&#8221;.<\/p>\n<p>&#8220;(Tengo) las mejores (sensaciones), porque cuando se presentan dificultades me siento mucho m\u00e1s presente, mucho m\u00e1s en mi h\u00e1bitat, posiblemente porque nac\u00ed con esas situaciones y los desaf\u00edos me encantan. Evidentemente, no soy tonto. Entiendo que tenemos que mejorar y que posiblemente no tengamos la regularidad esperada en Liga, no as\u00ed en Champions y Copa del Rey, que empezamos bien&#8221;, dijo <strong>Simeone<\/strong>.<\/p>\n<p style=\"text-align: center;\"><a href=\"http:\/\/Antoine Griezmann, el mejor futbolista franc\u00e9s de 2016\">LEER M\u00c1S: Antoine Griezmann, el mejor futbolista franc\u00e9s de 2016<\/a><\/p>\n<p>&#8220;Esto me moviliza a un desaf\u00edo continuo que te tiene la vida, que el ayer no importa y que siempre importa el hoy, y que el destino ser\u00e1 el que nosotros queramos elegir, con trabajo, con constancia y sin duda con una fuerza de voluntad incre\u00edble. Vos pensar que hace cinco a\u00f1os que no veo a mis hijos todos los d\u00edas; eso no quiere decir nada posiblemente para algunos, pero para m\u00ed s\u00ed&#8221;, recalc\u00f3.<\/p>\n<p>&#8220;Y si estoy aqu\u00ed es para hacer las cosas de la mejor manera y porque lo siento. Y, evidentemente, cuando termine la temporada que viene, cerrar una buena temporada&#8221;, prosigui\u00f3 el t\u00e9cnico, que repas\u00f3 el 2016 &#8220;fant\u00e1stico&#8221; de su equipo; &#8220;un a\u00f1o importante para el club, para los jugadores y para los hinchas&#8221;, seg\u00fan a\u00f1adi\u00f3 el entrenador.<\/p>\n<p>&#8220;Lo m\u00e1s bonito que tiene este juego del futbol es transmitir emociones. Despu\u00e9s se puede ganar, se puede perder, se puede empatar, pero creo que lo m\u00e1s importante y lo que te queda en el registro son las emociones que vos puedas transmitir a tu gente y a tu club. Y creo que este grupo lo volvi\u00f3 a hacer&#8221;, declar\u00f3 el <em>Cholo<\/em> <strong>Simeone<\/strong>.<\/p>\n<p>&#8220;Y, como perspectiva y esperanza para lo que viene, seguir mejorando e intentar el desaf\u00edo que tenemos de seguir compitiendo despu\u00e9s de cinco a\u00f1os seguidos en el mismo club, que no es f\u00e1cil. Seguro que es un desaf\u00edo enorme tanto para los futbolistas como para el club y para nosotros, menos para los hinchas, que son de toda la vida participantes del Atl\u00e9tico&#8221;, insisti\u00f3.<\/p>\n<p>&#8220;Nosotros llevamos cinco a\u00f1os compitiendo y el desaf\u00edo ser\u00e1 para el a\u00f1o que viene poder seguir mostrando la misma fuerza y la misma energ\u00eda para competir hasta el final de todo lo que tenemos&#8221;, a\u00f1adi\u00f3 <strong>Simeone<\/strong>, que ya enfoca al partido de este martes en la Copa del Rey contra el Guijuelo, al que el equipo ya venci\u00f3 0-6 en la ida.<\/p>\n<p style=\"text-align: center;\"><a href=\"https:\/\/www.futboltotal.com.mx\/2016\/12\/barcelona-tritura-racha-reyes-espanyol\/\"><span style=\"color: #3366ff;\">LEER M\u00c1S: Barcelona acaba con racha de Reyes y el Espanyol<\/span><\/a><\/p>\n<p>&#8220;Este partido sirve para sin duda poder jugar con algunos muchachos que vienen teniendo menos minutos y buscar alternativas de juego que voy a intentar poner ma\u00f1ana para buscar soluciones de cara al futuro&#8221;, anunci\u00f3 el entrenador, que confirm\u00f3 que el portero titular ser\u00e1 Miguel \u00c1ngel Moy\u00e1 y que el italiano Alessio Cerci, ya con el alta de una lesi\u00f3n de rodilla, entra en la convocatoria.<\/p>\n<p>Y habl\u00f3 espec\u00edficamente del extremo italiano: &#8220;Yo nunca dejo nada de lado, al contrario. Todo lo que pueda sacar, potenciar o dar oportunidades soy el primero. Creo que en las dificultades est\u00e1n las oportunidades y Cerci ha pasado por muchas dificultades. No est\u00e1 todav\u00eda en su mejor versi\u00f3n, sin duda, pero est\u00e1 trabajando, est\u00e1 movi\u00e9ndose bien y ma\u00f1ana posiblemente pueda tener minutos para volver a sentirse futbolista, que hace mucho tiempo que no lo siente. En realidad, yo soy el que elijo pero los que se ponen y se sacan son los futbolistas&#8221;.<\/p>\n<p><b>S\u00edguenos en <span id=\"m_-3594851897957275994goog_2054972132\"><\/span>Twitter <a href=\"https:\/\/twitter.com\/MXFutbolTotal\" target=\"_blank\" data-saferedirecturl=\"https:\/\/www.google.com\/url?hl=es&amp;q=https:\/\/twitter.com\/MXFutbolTotal&amp;source=gmail&amp;ust=1482243319493000&amp;usg=AFQjCNEh_N01QTTJmT8vD3SRYhNUFUBZHw\">@MXFutbolTotal<\/a><\/b><\/p>\n<p>&nbsp;<\/p>\n","protected":false},"excerpt":{"rendered":"<p>El Cholo reconoce que su equipo no ha tenido la regularidad esperada.<\/p>\n","protected":false},"author":144,"featured_media":449886,"comment_status":"closed","ping_status":"closed","sticky":false,"template":"","format":"standard","meta":[],"categories":[1],"tags":[6007,36,96,1384,76],"_links":{"self":[{"href":"http:\/\/desarrollo.grupomedios.com\/futbol\/wp-json\/wp\/v2\/posts\/449885"}],"collection":[{"href":"http:\/\/desarrollo.grupomedios.com\/futbol\/wp-json\/wp\/v2\/posts"}],"about":[{"href":"http:\/\/desarrollo.grupomedios.com\/futbol\/wp-json\/wp\/v2\/types\/post"}],"author":[{"embeddable":true,"href":"http:\/\/desarrollo.grupomedios.com\/futbol\/wp-json\/wp\/v2\/users\/144"}],"replies":[{"embeddable":true,"href":"http:\/\/desarrollo.grupomedios.com\/futbol\/wp-json\/wp\/v2\/comments?post=449885"}],"version-history":[{"count":0,"href":"http:\/\/desarrollo.grupomedios.com\/futbol\/wp-json\/wp\/v2\/posts\/449885\/revisions"}],"wp:featuredmedia":[{"embeddable":true,"href":"http:\/\/desarrollo.grupomedios.com\/futbol\/wp-json\/wp\/v2\/media\/449886"}],"wp:attachment":[{"href":"http:\/\/desarrollo.grupomedios.com\/futbol\/wp-json\/wp\/v2\/media?parent=449885"}],"wp:term":[{"taxonomy":"category","embeddable":true,"href":"http:\/\/desarrollo.grupomedios.com\/futbol\/wp-json\/wp\/v2\/categories?post=449885"},{"taxonomy":"post_tag","embeddable":true,"href":"http:\/\/desarrollo.grupomedios.com\/futbol\/wp-json\/wp\/v2\/tags?post=449885"}],"curies":[{"name":"wp","href":"https:\/\/api.w.org\/{rel}","templated":true}]}}