{"id":449893,"date":"2016-12-19T11:28:12","date_gmt":"2016-12-19T17:28:12","guid":{"rendered":"https:\/\/www.futboltotal.com.mx\/?p=449893"},"modified":"2016-12-20T11:10:56","modified_gmt":"2016-12-20T17:10:56","slug":"en-siete-dias-james-rodriguez-decidira-su-futuro","status":"publish","type":"post","link":"http:\/\/desarrollo.grupomedios.com\/futbol\/futbol-internacional\/en-siete-dias-james-rodriguez-decidira-su-futuro\/2016\/12","title":{"rendered":"En siete d\u00edas James Rodr\u00edguez decidir\u00e1 su futuro"},"content":{"rendered":"<p>Mientras la mayor\u00eda de jugadores del Real Madrid festejaban su coronaci\u00f3n en el Mundial de Clubes 2016, en Jap\u00f3n, el volante colombiano <strong>James Rodr\u00edguez<\/strong> expresaba alos reporteros su malestar por no tener suficientes minutos de juego bajo la direcci\u00f3n t\u00e9cnica del franc\u00e9s Zinedine Zidane, adem\u00e1s dej\u00f3 entrever la posibilidad de cambiar de equipo para 2017.<\/p>\n<p>&#8220;A veces no es todo como uno quiere. Pero hay que estar tranquilo y tengo esos siete d\u00edas para poder pensar bien todo&#8221;, declar\u00f3 el colombiano, que tambi\u00e9n advirti\u00f3. &#8220;Yo quiero estar aqu\u00ed. Hay que pensar bien todo y no puedo asegurar que s\u00ed, o no, porque yo quiero jugar m\u00e1s. Quiero quedarme. Estoy siendo feliz aqu\u00ed pero quiero jugar m\u00e1s. Si uno quiere jugar m\u00e1s hay que pensar bien todo y buscar salidas&#8221;.<\/p>\n<p style=\"text-align: center;\"><a href=\"https:\/\/www.futboltotal.com.mx\/2016\/12\/layun-jugara-2017\/\"><span style=\"color: #3366ff;\">LEER M\u00c1S: Miguel Lay\u00fan jugar\u00e1 hasta el 2017<\/span><\/a><\/p>\n<p><strong>James Rodr\u00edguez<\/strong>, que jug\u00f3 los \u00faltimos 20 minutos del partido del Madrid en las semifinales del Mundial de Clubes contra el Am\u00e9rica, se dijo decepcionado por no tener la oportunidad de ver acci\u00f3n en la final.<\/p>\n<p>El mediocampista, de 25 a\u00f1os de edad, lleg\u00f3 al Madrid en julio de 2014 con enormes expectativas tras brillar con la selecci\u00f3n de Colombia en el Mundial de Brasil 2014, en la cual fue l\u00edder de goleo con seis tantos. En poco tiempo se convirti\u00f3 en uno de los favoritos del t\u00e9cnico italiano Carlo Ancelotti, pero su tiempo de juego se ha reducido gradualmente en las siguientes temporadas.<\/p>\n<p>Con Zidane ha tenido pocas oportunidades de destactar, ya que en su esquema, el t\u00e9cnico galo ha preferido usar a futbolistas m\u00e1s din\u00e1micos en la zona media de la cancha, por lo tanto, <strong>James Rodr\u00edguez<\/strong> ha sido relegado a la banca la mayor parte del tiempo y en varias ocasiones no ha visto actividad ni como suplente, como ocurri\u00f3 en la final del Mundial de Clubes.<\/p>\n<p style=\"text-align: center;\"><a href=\"https:\/\/www.futboltotal.com.mx\/2016\/12\/guardado-reaparece-moreno-se-lesiona-en-clasico\/\"><span style=\"color: #3366ff;\">LEER M\u00c1S: Guardado reaparece y Moreno se lesiona en el Cl\u00e1sico<\/span><\/a><\/p>\n<p>El colombiano tiene contrato hasta junio de 2020, pero ante su falta de actividad considerar\u00e1 cambiar de club, a pesar de que Zidane ha declarado su intenci\u00f3n en darle m\u00e1s participaci\u00f3n: &#8220;Si yo fuese James no me ir\u00eda. Yo me quedar\u00eda en este gran club. Soy yo el que tengo que tomar decisiones y creo que va a tener minutos aqu\u00ed. Sabemos la categor\u00eda que tiene y lo que nos puede aportar. Va a ser un jugador importante&#8221;.<\/p>\n<p>Rodr\u00edguez s\u00f3lo ha anotado dos goles en 16 actuaciones en esta temporada, uno de ellos en la victoria de 6-1 sobre Cultural Leonesa en la Copa del Rey, cuando se le dio descanso a casi todo el plantel titular.<\/p>\n<p><b>S\u00edguenos en <span id=\"m_-3594851897957275994goog_2054972132\"><\/span>Twitter <a href=\"https:\/\/twitter.com\/MXFutbolTotal\" target=\"_blank\" data-saferedirecturl=\"https:\/\/www.google.com\/url?hl=es&amp;q=https:\/\/twitter.com\/MXFutbolTotal&amp;source=gmail&amp;ust=1482243319493000&amp;usg=AFQjCNEh_N01QTTJmT8vD3SRYhNUFUBZHw\">@MXFutbolTotal<\/a><\/b><\/p>\n","protected":false},"excerpt":{"rendered":"<p>El colombiano ha tenido poca participaci\u00f3n desde que Zidane lleg\u00f3 al banquillo blanco.<\/p>\n","protected":false},"author":20,"featured_media":449897,"comment_status":"closed","ping_status":"closed","sticky":false,"template":"","format":"standard","meta":[],"categories":[7740,3839],"tags":[6082,415,5988,2215],"_links":{"self":[{"href":"http:\/\/desarrollo.grupomedios.com\/futbol\/wp-json\/wp\/v2\/posts\/449893"}],"collection":[{"href":"http:\/\/desarrollo.grupomedios.com\/futbol\/wp-json\/wp\/v2\/posts"}],"about":[{"href":"http:\/\/desarrollo.grupomedios.com\/futbol\/wp-json\/wp\/v2\/types\/post"}],"author":[{"embeddable":true,"href":"http:\/\/desarrollo.grupomedios.com\/futbol\/wp-json\/wp\/v2\/users\/20"}],"replies":[{"embeddable":true,"href":"http:\/\/desarrollo.grupomedios.com\/futbol\/wp-json\/wp\/v2\/comments?post=449893"}],"version-history":[{"count":0,"href":"http:\/\/desarrollo.grupomedios.com\/futbol\/wp-json\/wp\/v2\/posts\/449893\/revisions"}],"wp:featuredmedia":[{"embeddable":true,"href":"http:\/\/desarrollo.grupomedios.com\/futbol\/wp-json\/wp\/v2\/media\/449897"}],"wp:attachment":[{"href":"http:\/\/desarrollo.grupomedios.com\/futbol\/wp-json\/wp\/v2\/media?parent=449893"}],"wp:term":[{"taxonomy":"category","embeddable":true,"href":"http:\/\/desarrollo.grupomedios.com\/futbol\/wp-json\/wp\/v2\/categories?post=449893"},{"taxonomy":"post_tag","embeddable":true,"href":"http:\/\/desarrollo.grupomedios.com\/futbol\/wp-json\/wp\/v2\/tags?post=449893"}],"curies":[{"name":"wp","href":"https:\/\/api.w.org\/{rel}","templated":true}]}}