{"id":449917,"date":"2016-12-19T14:58:46","date_gmt":"2016-12-19T20:58:46","guid":{"rendered":"https:\/\/www.futboltotal.com.mx\/?p=449917"},"modified":"2016-12-19T15:02:56","modified_gmt":"2016-12-19T21:02:56","slug":"pique-ataco-periodista-presencia-shakira","status":"publish","type":"post","link":"http:\/\/desarrollo.grupomedios.com\/futbol\/futbol-internacional\/pique-ataco-periodista-presencia-shakira\/2016\/12","title":{"rendered":"Piqu\u00e9 &#8216;atac\u00f3&#8217; a una periodista en presencia de Shakira"},"content":{"rendered":"<p>Algunas de las Ligas m\u00e1s importantes del futbol europeo han llegado a su pausa invernal, momento en el que los futbolistas aprovechan para vacacionar y pasar las fiestas en compa\u00f1\u00eda de familiares y amigos.<\/p>\n<p>Tal es el caso del espa\u00f1ol Gerard <strong>Piqu\u00e9<\/strong>, el futbolista del <strong>Barcelona<\/strong> quien junto a su pareja, <strong>Shakira<\/strong>, han viajado en compa\u00f1\u00eda de sus hijos hacia Colombia para pasar Navidad con la familia de la cantante sudamericana.<\/p>\n<p>Sin embargo, a su llegada al aeropuerto la medi\u00e1tica pareja ha protagonizado un hecho que r\u00e1pidamente se ha viralizado en medios de comunicaci\u00f3n y redes sociales, donde se puede ver el video en el que el central <em>cul\u00e9<\/em> y la bella colombiana llegan al aeropuerto de El Prat en medio de un d\u00eda lluvioso y acceden al lugar junto con sus hijos, as\u00ed como una asistente y el hermano de la cantante.<\/p>\n<p>&nbsp;<\/p>\n<blockquote class=\"twitter-tweet\" data-lang=\"es\">\n<p dir=\"ltr\" lang=\"es\"><a href=\"https:\/\/twitter.com\/hashtag\/V%C3%ADdeo?src=hash\">#V\u00eddeo<\/a> del momento en el que Piqu\u00e9 se enfrenta a una periodista para evitar que haga fotos a su familia <a href=\"https:\/\/t.co\/dxDu6Ikk0v\">pic.twitter.com\/dxDu6Ikk0v<\/a><\/p>\n<p>\u2014 Noticias Plus (@NoticiasPlusMX) <a href=\"https:\/\/twitter.com\/NoticiasPlusMX\/status\/810907979033747456\">19 de diciembre de 2016<\/a><\/p><\/blockquote>\n<p><script async src=\"\/\/platform.twitter.com\/widgets.js\" charset=\"utf-8\"><\/script><\/p>\n<p>Desde un primer filtro para acceder a un elevador, <strong>Piqu\u00e9<\/strong> forcejea con la reportera que sostiene el dispositivo con el que graba\u00a0y le dice: &#8220;Venga, va, ya est\u00e1, ya est\u00e1, va&#8221;, a\u00f1adiendo m\u00e1s tarde un\u00a0&#8220;no quiero fotos, no quiero fotos&#8221; casi a gritos.<\/p>\n<p>La reportera no se dio por vencida y m\u00e1s adelante logr\u00f3 captar nuevamente a la familia Piqu\u00e9-Mebarak, mientras la asistente de Shakira se esfuerza por tapar la c\u00e1mara con un gorro. Una vez que la famosa familia\u00a0aparentemente accede a\u00a0la zona VIP, <strong>Piqu\u00e9<\/strong> grit\u00f3: &#8220;Felicidades por tu trabajo&#8221;.<\/p>\n","protected":false},"excerpt":{"rendered":"<p>Adem\u00e1s de los forcejeos con la reportera, el futbolista del Bar\u00e7a lanz\u00f3 algunos gritos.<\/p>\n","protected":false},"author":20,"featured_media":406267,"comment_status":"closed","ping_status":"closed","sticky":false,"template":"","format":"standard","meta":[],"categories":[5419,3839,3844],"tags":[2086,5984,6015,841,2005],"_links":{"self":[{"href":"http:\/\/desarrollo.grupomedios.com\/futbol\/wp-json\/wp\/v2\/posts\/449917"}],"collection":[{"href":"http:\/\/desarrollo.grupomedios.com\/futbol\/wp-json\/wp\/v2\/posts"}],"about":[{"href":"http:\/\/desarrollo.grupomedios.com\/futbol\/wp-json\/wp\/v2\/types\/post"}],"author":[{"embeddable":true,"href":"http:\/\/desarrollo.grupomedios.com\/futbol\/wp-json\/wp\/v2\/users\/20"}],"replies":[{"embeddable":true,"href":"http:\/\/desarrollo.grupomedios.com\/futbol\/wp-json\/wp\/v2\/comments?post=449917"}],"version-history":[{"count":0,"href":"http:\/\/desarrollo.grupomedios.com\/futbol\/wp-json\/wp\/v2\/posts\/449917\/revisions"}],"wp:featuredmedia":[{"embeddable":true,"href":"http:\/\/desarrollo.grupomedios.com\/futbol\/wp-json\/wp\/v2\/media\/406267"}],"wp:attachment":[{"href":"http:\/\/desarrollo.grupomedios.com\/futbol\/wp-json\/wp\/v2\/media?parent=449917"}],"wp:term":[{"taxonomy":"category","embeddable":true,"href":"http:\/\/desarrollo.grupomedios.com\/futbol\/wp-json\/wp\/v2\/categories?post=449917"},{"taxonomy":"post_tag","embeddable":true,"href":"http:\/\/desarrollo.grupomedios.com\/futbol\/wp-json\/wp\/v2\/tags?post=449917"}],"curies":[{"name":"wp","href":"https:\/\/api.w.org\/{rel}","templated":true}]}}