{"id":449939,"date":"2016-12-19T17:32:53","date_gmt":"2016-12-19T23:32:53","guid":{"rendered":"https:\/\/www.futboltotal.com.mx\/?p=449939"},"modified":"2016-12-19T17:32:28","modified_gmt":"2016-12-19T23:32:28","slug":"america-ya-acordo-destino-moises-munoz-el-no-quiere-irse","status":"publish","type":"post","link":"http:\/\/desarrollo.grupomedios.com\/futbol\/destacado-home\/america-ya-acordo-destino-moises-munoz-el-no-quiere-irse\/2016\/12","title":{"rendered":"Am\u00e9rica ya acord\u00f3 destino de Mois\u00e9s Mu\u00f1oz; \u00e9l no quiere irse"},"content":{"rendered":"<p>Tal y como es costumbre en la <strong>Liga MX<\/strong> (as\u00ed como en el f\u00fatbol en general), el futbolista suele ser el \u00faltimo en &#8216;opinar&#8217; acerca de su carrera o futuro profesional. Tal es el caso de <strong>Mois\u00e9s Mu\u00f1oz<\/strong>, de quien la directiva del <strong>Am\u00e9rica<\/strong> ya acord\u00f3 con la gente que maneja al club <strong>Jaguares<\/strong> para que el arquero juegue con el cuadro chiapaneco a partir del torneo <strong>Clausura 2017<\/strong>.<\/p>\n<p>Al parecer, lo \u00fanico que falta\u00a0para que <em>Moi<\/em> sea futbolista de Chiapas es que el jugador le d\u00e9 el s\u00ed al club, para lo que tendr\u00eda que llegar a un acuerdo en el aspecto\u00a0econ\u00f3mico, tal y como lo revel\u00f3 el sitio Medio Tiempo.<\/p>\n<p>&nbsp;<\/p>\n<blockquote class=\"twitter-tweet\" data-lang=\"es\">\n<p dir=\"ltr\" lang=\"es\">NADIE!!!! Ni reportero, tuitero, fan etc. puede OFICIALIZAR alguna noticia sobre mi.<\/p>\n<p>\u2014 Moises Mu\u00f1oz (@MoyMu23) <a href=\"https:\/\/twitter.com\/MoyMu23\/status\/809617625026215936\">16 de diciembre de 2016<\/a><\/p><\/blockquote>\n<p><script async src=\"\/\/platform.twitter.com\/widgets.js\" charset=\"utf-8\"><\/script><\/p>\n<p>Sin embargo, de acuerdo a fuentes internas de las \u00c1guilas, Mu\u00f1oz no desea jugar con Jaguares, equipo que est\u00e1 metido de lleno en la lucha por no descender. El mayor problema para Mois\u00e9s es la llegada del argentino Agust\u00edn Marches\u00edn al arco americanista, por lo que sus opciones como portero titular resultar\u00edan\u00a0casi nulas.<\/p>\n<p><a href=\"https:\/\/www.futboltotal.com.mx\/2016\/12\/moises-munoz-estaria-cerca-fichar-jaguares\/\">LEER M\u00c1S: MOIS\u00c9S MU\u00d1OZ ESTAR\u00cdA CERCA DE FICHAR POR JAGUARES<\/a><\/p>\n","protected":false},"excerpt":{"rendered":"<p>Moi no desea convertirse en refuerzo de Jaguares.<\/p>\n","protected":false},"author":20,"featured_media":411579,"comment_status":"closed","ping_status":"closed","sticky":false,"template":"","format":"standard","meta":[],"categories":[5,7740,2198,3845],"tags":[1585,5959,64,7746,635],"_links":{"self":[{"href":"http:\/\/desarrollo.grupomedios.com\/futbol\/wp-json\/wp\/v2\/posts\/449939"}],"collection":[{"href":"http:\/\/desarrollo.grupomedios.com\/futbol\/wp-json\/wp\/v2\/posts"}],"about":[{"href":"http:\/\/desarrollo.grupomedios.com\/futbol\/wp-json\/wp\/v2\/types\/post"}],"author":[{"embeddable":true,"href":"http:\/\/desarrollo.grupomedios.com\/futbol\/wp-json\/wp\/v2\/users\/20"}],"replies":[{"embeddable":true,"href":"http:\/\/desarrollo.grupomedios.com\/futbol\/wp-json\/wp\/v2\/comments?post=449939"}],"version-history":[{"count":0,"href":"http:\/\/desarrollo.grupomedios.com\/futbol\/wp-json\/wp\/v2\/posts\/449939\/revisions"}],"wp:featuredmedia":[{"embeddable":true,"href":"http:\/\/desarrollo.grupomedios.com\/futbol\/wp-json\/wp\/v2\/media\/411579"}],"wp:attachment":[{"href":"http:\/\/desarrollo.grupomedios.com\/futbol\/wp-json\/wp\/v2\/media?parent=449939"}],"wp:term":[{"taxonomy":"category","embeddable":true,"href":"http:\/\/desarrollo.grupomedios.com\/futbol\/wp-json\/wp\/v2\/categories?post=449939"},{"taxonomy":"post_tag","embeddable":true,"href":"http:\/\/desarrollo.grupomedios.com\/futbol\/wp-json\/wp\/v2\/tags?post=449939"}],"curies":[{"name":"wp","href":"https:\/\/api.w.org\/{rel}","templated":true}]}}