{"id":449964,"date":"2016-12-20T08:38:51","date_gmt":"2016-12-20T14:38:51","guid":{"rendered":"https:\/\/www.futboltotal.com.mx\/?p=449964"},"modified":"2016-12-20T08:38:51","modified_gmt":"2016-12-20T14:38:51","slug":"madrid-lider-en-lo-deportivo-lo-economico-lo-social-florentino","status":"publish","type":"post","link":"http:\/\/desarrollo.grupomedios.com\/futbol\/futbol-internacional\/madrid-lider-en-lo-deportivo-lo-economico-lo-social-florentino\/2016\/12","title":{"rendered":"Madrid es l\u00edder en lo deportivo, lo econ\u00f3mico y lo social: Florentino"},"content":{"rendered":"<p>Florentino P\u00e9rez, presidente del <strong>Real Madrid<\/strong>, asegur\u00f3 este martes que su club vive &#8220;uno de sus mejores momentos&#8221; desde que se fund\u00f3 hace 114 a\u00f1os y resalt\u00f3, en su tradicional discurso de la comida navide\u00f1a con los medios de comunicaci\u00f3n, que Cristiano Ronaldo ya es &#8220;una leyenda&#8221; de la entidad madridista despu\u00e9s de conseguir su cuarto Bal\u00f3n de Oro.<\/p>\n<p>A juicio del m\u00e1ximo mandatario blanco, el <strong>Real Madrid<\/strong> est\u00e1 en una gran situaci\u00f3n deportiva e institucional y as\u00ed lo reflej\u00f3 en sus palabras. El cuadro entrenado por Zinedine Zidane es l\u00edder en la Liga y acaba de sumar su tercer t\u00edtulo internacional consecutivo en Jap\u00f3n despu\u00e9s de ganar el Mundial de Clubes.<\/p>\n<blockquote><p>&#8220;El Real Madrid vive uno de sus mejores momentos en sus 114 a\u00f1os de historia. Somos l\u00edderes en lo deportivo, en lo econ\u00f3mico y en lo social. Quiero subrayar con mucho \u00e9nfasis, y m\u00e1s en estas fechas, que somos l\u00edderes en solidaridad&#8221;, dijo.<\/p>\n<p>&#8220;Nuestra Fundaci\u00f3n <strong>Real Madrid<\/strong> sigue siendo una referencia internacional que est\u00e1 presente en 73 pa\u00edses dando asistencia y esperanza a quienes menos tienen, especialmente a los ni\u00f1os. Esta fundaci\u00f3n da satisfacci\u00f3n a 45.00 ni\u00f1os y ni\u00f1as que se benefician de m\u00e1s de nuestros 400 proyectos sociales que est\u00e1n distribuidos por todos los continentes&#8221;, declar\u00f3.<\/p><\/blockquote>\n<p>P\u00e9rez s\u00f3lo cit\u00f3 a tres nombres propios. El entrenador de la secci\u00f3n de baloncesto, Pablo Laso, el t\u00e9cnico de f\u00fatbol Zinedine Zidane, y a su jugador Cristiano Ronaldo. Para todos, tuvo buenas palabras.<\/p>\n<p style=\"text-align: center;\"><span style=\"color: #3366ff;\"><a style=\"color: #3366ff;\" href=\"https:\/\/www.futboltotal.com.mx\/2016\/12\/porto-con-tecatito-corona-remonto-chaves\/\">LEER M\u00c1S: Porto, con Tecatito Corona en el campo, remont\u00f3 al Chaves<\/a><\/span><\/p>\n<p>&#8220;Este 2016 ha sido un a\u00f1o que no olvidaremos los madridistas. En f\u00fatbol acabamos de conseguir por segunda vez en tres a\u00f1os la triple corona internacional, la Und\u00e9cima, la Supercopa de Europa y el Mundial de Clubes. Creo que tenemos una plantilla espectacular que es muy dif\u00edcil mejorar. Y un entrenador, Zinedine Zidane, que nos ha devuelto la ilusi\u00f3n a todo el madridismo&#8221;, asegur\u00f3.<\/p>\n<blockquote><p>&#8220;Quiero destacar el Bal\u00f3n de Oro recientemente conquistado por Cristiano Ronaldo, que es su cuarto que logra. Eso indica la grandeza de un futbolista que ya es leyenda del Real Madrid&#8221;, agreg\u00f3.<\/p><\/blockquote>\n<p>Y del baloncesto, indic\u00f3 que el aficionado del <strong>Real Madrid<\/strong> est\u00e1 disfrutando de un equipo &#8220;espectacular&#8221;, que, junto a su entrenador, Pablo Laso, &#8220;est\u00e1 marcando una \u00e9poca&#8221;. Adem\u00e1s, record\u00f3 los t\u00edtulos que consigui\u00f3 la secci\u00f3n, la Liga y la Copa del Rey y, sobre todo, destac\u00f3 el &#8220;entusiasmo&#8221; que viven los aficionados que acuden cada d\u00eda a ver a su equipo al pabell\u00f3n blanco.<\/p>\n<p>&#8220;Queremos que nuestros seguidores se sigan sintiendo orgullosos de nuestro escudo y de nuestra camiseta y para ello vamos a continuar trabajando con la responsabilidad de representar siempre a lo que nosotros entendemos que es el mejor club del mundo&#8221;, apunt\u00f3.<\/p>\n<p>Tambi\u00e9n tuvo palabras para la prensa y destac\u00f3 la labor del <strong>Real Madrid<\/strong> para proporcionar a los medios de comunicaci\u00f3n todas las herramientas posibles para que puedan hacer bien su trabajo.<\/p>\n<blockquote><p>&#8220;Intentamos poner siempre todos nuestros recursos a vuestra disposici\u00f3n (a la prensa) para que pod\u00e1is hacer vuestro trabajo con la mayor eficacia y comodidad posibles. Somos un club que destaca especialmente en su transparencia en la gesti\u00f3n, tal y como reconoce el informe de la Organizaci\u00f3n de Transparencia Internacional donde ocupamos el primer puesto y siempre con la m\u00e1xima puntuaci\u00f3n&#8221;, concluy\u00f3. EFE<\/p><\/blockquote>\n","protected":false},"excerpt":{"rendered":"<p>Considero a Cristiano como una &#8220;Leyenda del club&#8221;.<\/p>\n","protected":false},"author":144,"featured_media":424319,"comment_status":"closed","ping_status":"closed","sticky":false,"template":"","format":"standard","meta":[],"categories":[3839,5951],"tags":[491,5988],"_links":{"self":[{"href":"http:\/\/desarrollo.grupomedios.com\/futbol\/wp-json\/wp\/v2\/posts\/449964"}],"collection":[{"href":"http:\/\/desarrollo.grupomedios.com\/futbol\/wp-json\/wp\/v2\/posts"}],"about":[{"href":"http:\/\/desarrollo.grupomedios.com\/futbol\/wp-json\/wp\/v2\/types\/post"}],"author":[{"embeddable":true,"href":"http:\/\/desarrollo.grupomedios.com\/futbol\/wp-json\/wp\/v2\/users\/144"}],"replies":[{"embeddable":true,"href":"http:\/\/desarrollo.grupomedios.com\/futbol\/wp-json\/wp\/v2\/comments?post=449964"}],"version-history":[{"count":0,"href":"http:\/\/desarrollo.grupomedios.com\/futbol\/wp-json\/wp\/v2\/posts\/449964\/revisions"}],"wp:featuredmedia":[{"embeddable":true,"href":"http:\/\/desarrollo.grupomedios.com\/futbol\/wp-json\/wp\/v2\/media\/424319"}],"wp:attachment":[{"href":"http:\/\/desarrollo.grupomedios.com\/futbol\/wp-json\/wp\/v2\/media?parent=449964"}],"wp:term":[{"taxonomy":"category","embeddable":true,"href":"http:\/\/desarrollo.grupomedios.com\/futbol\/wp-json\/wp\/v2\/categories?post=449964"},{"taxonomy":"post_tag","embeddable":true,"href":"http:\/\/desarrollo.grupomedios.com\/futbol\/wp-json\/wp\/v2\/tags?post=449964"}],"curies":[{"name":"wp","href":"https:\/\/api.w.org\/{rel}","templated":true}]}}