{"id":449997,"date":"2016-12-20T11:12:46","date_gmt":"2016-12-20T17:12:46","guid":{"rendered":"https:\/\/www.futboltotal.com.mx\/?p=449997"},"modified":"2016-12-20T11:12:46","modified_gmt":"2016-12-20T17:12:46","slug":"jesus-martinez-considera-nunca-podria-dirigir-la-liga-mx","status":"publish","type":"post","link":"http:\/\/desarrollo.grupomedios.com\/futbol\/futbol-mexicano\/jesus-martinez-considera-nunca-podria-dirigir-la-liga-mx\/2016\/12","title":{"rendered":"Jes\u00fas Mart\u00ednez ve imposible dirigir la Femexfut"},"content":{"rendered":"<p><strong>Jes\u00fas Mart\u00ednez<\/strong> y Andr\u00e9s Fassi, presidente del Grupo Pachuca y vicepresidente de los <em>Tuzos<\/em>, respectivamente, admitieron que pese al \u00e9xito que ha tenido el consorcio, nunca dirigir\u00e1n al futbol mexicano.<\/p>\n<p>En declaraciones a <em>Comex Masters<\/em>, <strong>Mart\u00ednez Pati\u00f1o<\/strong> confes\u00f3 que para \u00e9l es inviable convertirse en alg\u00fan momento en presidente de la Federaci\u00f3n Mexicana de Futbol: &#8220;Imposible. Todos esos puestos son pol\u00edticos. Cuando no hay esa convicci\u00f3n, y no por Decio de Mar\u00eda (actual presidente), sino por los que estamos sentados en esta gran industria, es imposible en ese aspecto&#8221;.<\/p>\n<p style=\"text-align: center;\"><a href=\"https:\/\/www.futboltotal.com.mx\/2016\/12\/ojala-sigamos-fracasando-dicen-pelaez\/\"><span style=\"color: #3366ff;\">LEER M\u00c1S: Ojal\u00e1 sigamos \u2018fracasando\u2019 como dicen: Pel\u00e1ez<\/span><\/a><\/p>\n<p>Aunque lo que s\u00ed es viable, admiti\u00f3 <strong>Jes\u00fas Mart\u00ednez<\/strong>, es la preparaci\u00f3n de un proyecto televisivo de la Femexfut para la Selecci\u00f3n Mexicana, para el cual, dijo, &#8220;se nombrar\u00e1 un comit\u00e9 ajeno a los equipos con televisoras, es decir sin Am\u00e9rica, Morelia y Atlas&#8221;.<\/p>\n<p>Uno de los mayores \u00e9xitos del Grupo Pachuca ha sido saber explotar a sus j\u00f3venes talentos, de eso es consciente Andr\u00e9s Fassi: &#8220;Estamos convencidos que tenemos las mejores fuerzas b\u00e1sicas&#8221;. Y precis\u00f3: &#8220;En 10 meses, 43 jugadores han sido llamados en selecciones menores&#8221;.<\/p>\n<p style=\"text-align: center;\"><a href=\"https:\/\/www.futboltotal.com.mx\/2016\/12\/fidel-martinez-firma-atlas\/\"><span style=\"color: #3366ff;\">LEER M\u00c1S: Fidel Mart\u00ednez firma con Atlas<\/span><\/a><\/p>\n<p>En cuanto a la regla 10\/8, <strong>Mart\u00ednez<\/strong> y Fassi coincidieron al decir que afecta al futbol mexicano y por el contrario consideran que &#8220;se debe dar m\u00e1s oportunidad a los j\u00f3venes&#8221;. Para ello, sugiri\u00f3 <strong>Mart\u00ednez<\/strong>, que todos los equipos deber\u00edan de tener un proyecto de &#8220;reinversi\u00f3n en sus fuerzas b\u00e1sicas&#8221;:\u00a0 solo as\u00ed, concluy\u00f3 Fassi el tema, &#8220;se lograr\u00e1 que la Liga MX sea una mejor liga&#8221;.<\/p>\n<p>Los directivos tambi\u00e9n hablaron sobre su expansi\u00f3n: dos de los \u00faltimos equipos adquiridos por Grupo Pachuca fueron el Everton de Chile y Talleres de Argentina, mismos que tienen definidas su meta a corto plazo. &#8220;El principal objetivo de los dos es no descender para despu\u00e9s, por qu\u00e9 no, pensar en ser campeones&#8221;, se\u00f1al\u00f3 <strong>Jes\u00fas Mart\u00ednez<\/strong>.<\/p>\n<p><b>S\u00edguenos en <span id=\"m_-5272846206678629280goog_2054972132\"><\/span>Twitter <a href=\"https:\/\/twitter.com\/MXFutbolTotal\" target=\"_blank\" data-saferedirecturl=\"https:\/\/www.google.com\/url?hl=es&amp;q=https:\/\/twitter.com\/MXFutbolTotal&amp;source=gmail&amp;ust=1482330438299000&amp;usg=AFQjCNGrIEzZmj3hLrkHdPtv3G46qI-qkw\">@MXFutbolTotal<\/a><\/b><\/p>\n","protected":false},"excerpt":{"rendered":"<p>Considera que la silla del orgamismo es como un puesto pol\u00edtico.<\/p>\n","protected":false},"author":20,"featured_media":450005,"comment_status":"closed","ping_status":"closed","sticky":false,"template":"","format":"standard","meta":[],"categories":[2198,3845],"tags":[1878,2116,654,5968],"_links":{"self":[{"href":"http:\/\/desarrollo.grupomedios.com\/futbol\/wp-json\/wp\/v2\/posts\/449997"}],"collection":[{"href":"http:\/\/desarrollo.grupomedios.com\/futbol\/wp-json\/wp\/v2\/posts"}],"about":[{"href":"http:\/\/desarrollo.grupomedios.com\/futbol\/wp-json\/wp\/v2\/types\/post"}],"author":[{"embeddable":true,"href":"http:\/\/desarrollo.grupomedios.com\/futbol\/wp-json\/wp\/v2\/users\/20"}],"replies":[{"embeddable":true,"href":"http:\/\/desarrollo.grupomedios.com\/futbol\/wp-json\/wp\/v2\/comments?post=449997"}],"version-history":[{"count":0,"href":"http:\/\/desarrollo.grupomedios.com\/futbol\/wp-json\/wp\/v2\/posts\/449997\/revisions"}],"wp:featuredmedia":[{"embeddable":true,"href":"http:\/\/desarrollo.grupomedios.com\/futbol\/wp-json\/wp\/v2\/media\/450005"}],"wp:attachment":[{"href":"http:\/\/desarrollo.grupomedios.com\/futbol\/wp-json\/wp\/v2\/media?parent=449997"}],"wp:term":[{"taxonomy":"category","embeddable":true,"href":"http:\/\/desarrollo.grupomedios.com\/futbol\/wp-json\/wp\/v2\/categories?post=449997"},{"taxonomy":"post_tag","embeddable":true,"href":"http:\/\/desarrollo.grupomedios.com\/futbol\/wp-json\/wp\/v2\/tags?post=449997"}],"curies":[{"name":"wp","href":"https:\/\/api.w.org\/{rel}","templated":true}]}}