{"id":450046,"date":"2016-12-20T13:17:07","date_gmt":"2016-12-20T19:17:07","guid":{"rendered":"https:\/\/www.futboltotal.com.mx\/?p=450046"},"modified":"2016-12-20T13:17:56","modified_gmt":"2016-12-20T19:17:56","slug":"palmeiras-interesado-edwin-cardona","status":"publish","type":"post","link":"http:\/\/desarrollo.grupomedios.com\/futbol\/futbol-mexicano\/palmeiras-interesado-edwin-cardona\/2016\/12","title":{"rendered":"Palmeiras est\u00e1 interesado en Edwin Cardona"},"content":{"rendered":"<p>El delantero del Monterrey ya despert\u00f3 el inter\u00e9s del<em>\u00a0<\/em><strong>Palmeiras<\/strong> de Brasil, as\u00ed lo asegura el portal de <em>ESPN.<\/em> El club brasile\u00f1o estar\u00eda dispuesto a pagar la cl\u00e1usula del colombiano que consta de 12 millones de d\u00f3lares.<\/p>\n<p>Hasta hace una semana <strong>Dulio Davino,<\/strong> presidente deportivo de los Rayados, asegur\u00f3 que ni Pab\u00f3n, ni <strong>Cardona<\/strong> dejar\u00edan al club esta temporada y que ambos jugadores estaban comprometidos con el equipo.<\/p>\n<blockquote><p>&#8220;Cardona va a seguir. Esperemos que recupere su nivel, ha demostrado su val\u00eda y esperemos que vuelva a levantar&#8221; fueron las palabras del directivo luego del Draft del pasado mi\u00e9rcoles.<\/p><\/blockquote>\n<p style=\"text-align: center;\"><span style=\"color: #3366ff;\"><a style=\"color: #3366ff;\" href=\"https:\/\/www.futboltotal.com.mx\/2016\/12\/jesus-martinez-considera-nunca-podria-dirigir-la-liga-mx\/\" target=\"_blank\">LEER M\u00c1S: Jes\u00fas Mart\u00ednez ve imposible dirigir la Femexfut<\/a><\/span><\/p>\n<p><strong>Edwin<\/strong> hab\u00eda sido titular durante el <strong>Clausura 2016<\/strong>, misma que perdi\u00f3 para el torneo que reci\u00e9n termin\u00f3. Una serie de pol\u00e9micas colocaban a <strong>Cardona<\/strong> fuera del equipo, sin embargo fue el mismo jugador de <strong>Monterrey<\/strong> el que asegur\u00f3 que iba a tener una actitud distinta con el equipo y pondr\u00eda todo su esfuerzo para recuperar su nivel.<\/p>\n<p>La temporada pasado hab\u00eda sido una cat\u00e1strofe para<strong> Cardona<\/strong> a tal grado de rumorarse problemas con <strong>Antonio Mohamed<\/strong> por ciertas actitudes que disgustaban del futbolista.<\/p>\n<p>Hasta el momento ning\u00fan directivo de <em>Rayados<\/em> ha hablado sobre el tema, pero se espera que la oferta de <strong>Palmeiras<\/strong> se concrete en los pr\u00f3ximos d\u00edas para que Cardona firme con el club <em>Campeon\u00edsimo.\u00a0<\/em><\/p>\n<p>S\u00edguenos en Twitter: <a href=\"https:\/\/twitter.com\/MXFutbolTotal\" target=\"_blank\">@MXFutbolTotal<\/a><\/p>\n","protected":false},"excerpt":{"rendered":"<p>Palmeiras estar\u00eda dispuesto a pagar la cl\u00e1usula del colombiano. <\/p>\n","protected":false},"author":20,"featured_media":450053,"comment_status":"closed","ping_status":"closed","sticky":false,"template":"","format":"standard","meta":[],"categories":[7740,2198,3845,6742,5950],"tags":[6133,5966,2402,497],"_links":{"self":[{"href":"http:\/\/desarrollo.grupomedios.com\/futbol\/wp-json\/wp\/v2\/posts\/450046"}],"collection":[{"href":"http:\/\/desarrollo.grupomedios.com\/futbol\/wp-json\/wp\/v2\/posts"}],"about":[{"href":"http:\/\/desarrollo.grupomedios.com\/futbol\/wp-json\/wp\/v2\/types\/post"}],"author":[{"embeddable":true,"href":"http:\/\/desarrollo.grupomedios.com\/futbol\/wp-json\/wp\/v2\/users\/20"}],"replies":[{"embeddable":true,"href":"http:\/\/desarrollo.grupomedios.com\/futbol\/wp-json\/wp\/v2\/comments?post=450046"}],"version-history":[{"count":0,"href":"http:\/\/desarrollo.grupomedios.com\/futbol\/wp-json\/wp\/v2\/posts\/450046\/revisions"}],"wp:featuredmedia":[{"embeddable":true,"href":"http:\/\/desarrollo.grupomedios.com\/futbol\/wp-json\/wp\/v2\/media\/450053"}],"wp:attachment":[{"href":"http:\/\/desarrollo.grupomedios.com\/futbol\/wp-json\/wp\/v2\/media?parent=450046"}],"wp:term":[{"taxonomy":"category","embeddable":true,"href":"http:\/\/desarrollo.grupomedios.com\/futbol\/wp-json\/wp\/v2\/categories?post=450046"},{"taxonomy":"post_tag","embeddable":true,"href":"http:\/\/desarrollo.grupomedios.com\/futbol\/wp-json\/wp\/v2\/tags?post=450046"}],"curies":[{"name":"wp","href":"https:\/\/api.w.org\/{rel}","templated":true}]}}