{"id":450092,"date":"2016-12-20T14:00:05","date_gmt":"2016-12-20T20:00:05","guid":{"rendered":"https:\/\/www.futboltotal.com.mx\/?p=450092"},"modified":"2016-12-20T20:48:20","modified_gmt":"2016-12-21T02:48:20","slug":"eintracht-fabian-despiden-ano-goleada","status":"publish","type":"post","link":"http:\/\/desarrollo.grupomedios.com\/futbol\/destacado-home\/eintracht-fabian-despiden-ano-goleada\/2016\/12","title":{"rendered":"Eintracht y Fabi\u00e1n cierran el a\u00f1o en grande"},"content":{"rendered":"<p>Con Marco Fabi\u00e1n como titular, el<strong> Eintracht Frankfurt\u00a0<\/strong>cerr\u00f3 el 2016 con victoria luego de vencer 3-0 al Mainz en la Commerzbank Arena, en partido correspondiente a la jornada 16 de la Bundesliga.<\/p>\n<p>El conjunto de las <em>\u00c1guilas<\/em>, consciente de la obligaci\u00f3n de regresar a la senda del triunfo despu\u00e9s de caer la fecha anterior, se fue al frente en el marcador al minuto 17 gracias al tanto del delantero bosnio Branimir Hrgota, quien con un remate de pierna zurda puso adelante a su equipo 1-0.<\/p>\n<p style=\"text-align: center;\"><span style=\"color: #3366ff;\">LEER M\u00c1S: Todas las noticias de mexicanos en Europa<\/span><\/p>\n<blockquote class=\"twitter-tweet\" data-lang=\"es\">\n<p dir=\"ltr\" lang=\"es\">90+2&#8242; \u00a1Mejor, imposible! \u00a1Cerramos el 2016 con una goleada! \u26bd\ufe0f<a href=\"https:\/\/twitter.com\/hashtag\/Eintracht?src=hash\">#Eintracht<\/a> 3-0 <a href=\"https:\/\/twitter.com\/Mainz05en\">@Mainz05en<\/a> (<a href=\"https:\/\/twitter.com\/hashtag\/Hrgota?src=hash\">#Hrgota<\/a> 18&#8242; y 85&#8242;, <a href=\"https:\/\/twitter.com\/hashtag\/Barkok?src=hash\">#Barkok<\/a> 75&#8242;)<a href=\"https:\/\/twitter.com\/hashtag\/SGEM05?src=hash\">#SGEM05<\/a> \u26ab\ufe0f\u26aa\ufe0f&#x1f534; <a href=\"https:\/\/t.co\/C0L8qltqYN\">pic.twitter.com\/C0L8qltqYN<\/a><\/p>\n<p>\u2014 eintracht_esp (@eintracht_esp) <a href=\"https:\/\/twitter.com\/eintracht_esp\/status\/811312705999147008\">20 de diciembre de 2016<\/a><\/p><\/blockquote>\n<p><script async src=\"\/\/platform.twitter.com\/widgets.js\" charset=\"utf-8\"><\/script><br \/>\nDespu\u00e9s del gol, los dirigidos por el croata Niko Kovak se notaron m\u00e1s c\u00f3modos en el terreno de juego y dominaron el tr\u00e1mite para llevarse el triunfo parcial al descanso.<\/p>\n<p>Las cosas para el Mainz se complicaron en el segundo tiempo, pues al minuto 54 sufrieron la expulsi\u00f3n del atacante colombiano Jhon C\u00f3rdoba por un conato de bronca.<\/p>\n<p>Con la ventaja en la pizarra y en el campo, los locales aumentaron la diferencia al minuto 74 por conducto del mediocampista Aymen Barkok, quien ingres\u00f3 al \u00e1rea a toda velocidad y logr\u00f3 quitarse al arquero para empujar el bal\u00f3n al fondo de la porter\u00eda.<\/p>\n<p>A seis minutos del final, nuevamente Branimir Hrgota apareci\u00f3 para concretar un contragolpe del Eintracht Frankurt y con esto firmar el 3-0 definitivo.<\/p>\n<p><a href=\"https:\/\/www.futboltotal.com.mx\/wp-content\/uploads\/2016\/12\/Eintracht-Franckfurt.jpg\"><img decoding=\"async\" loading=\"lazy\" class=\"alignnone size-full wp-image-450099\" src=\"https:\/\/www.futboltotal.com.mx\/wp-content\/uploads\/2016\/12\/Eintracht-Franckfurt.jpg\" alt=\"eintracht-franckfurt\" srcset=\"http:\/\/desarrollo.grupomedios.com\/futbol\/wp-content\/uploads\/2016\/12\/Eintracht-Franckfurt.jpg 1136w, http:\/\/desarrollo.grupomedios.com\/futbol\/wp-content\/uploads\/2016\/12\/Eintracht-Franckfurt-300x169.jpg 300w, http:\/\/desarrollo.grupomedios.com\/futbol\/wp-content\/uploads\/2016\/12\/Eintracht-Franckfurt-768x432.jpg 768w, http:\/\/desarrollo.grupomedios.com\/futbol\/wp-content\/uploads\/2016\/12\/Eintracht-Franckfurt-1024x576.jpg 1024w, http:\/\/desarrollo.grupomedios.com\/futbol\/wp-content\/uploads\/2016\/12\/Eintracht-Franckfurt-317x178.jpg 317w, http:\/\/desarrollo.grupomedios.com\/futbol\/wp-content\/uploads\/2016\/12\/Eintracht-Franckfurt-535x301.jpg 535w, http:\/\/desarrollo.grupomedios.com\/futbol\/wp-content\/uploads\/2016\/12\/Eintracht-Franckfurt-374x210.jpg 374w\" sizes=\"(max-width: 1136px) 100vw, 1136px\" \/><\/a><\/p>\n<p>El mexicano <strong>Marco Fabi\u00e1n<\/strong> salt\u00f3 a la cancha como titular y disput\u00f3 todo el encuentro, mostr\u00e1ndose muy participativo en el ataque de las <em>\u00c1guilas<\/em>, pues el exfutbolista de Chivas inici\u00f3 la jugada del tercer tanto.<\/p>\n<p>Gracias a este triunfo, el <strong>Frankfurt<\/strong> escal\u00f3 moment\u00e1neamente a la tercera posici\u00f3n de la Bundesliga con 29 unidades, a siete de distancia de los l\u00edderes, Bayern Munich y Leipzig.<\/p>\n<p>&nbsp;<\/p>\n","protected":false},"excerpt":{"rendered":"<p>El mexicano fue titular en la goleada de las \u00c1guilas, que tomaron el tercer puesto de la Bundesliga.<\/p>\n","protected":false},"author":20,"featured_media":450124,"comment_status":"closed","ping_status":"closed","sticky":false,"template":"","format":"standard","meta":[],"categories":[5,3839,6718],"tags":[3588,131],"_links":{"self":[{"href":"http:\/\/desarrollo.grupomedios.com\/futbol\/wp-json\/wp\/v2\/posts\/450092"}],"collection":[{"href":"http:\/\/desarrollo.grupomedios.com\/futbol\/wp-json\/wp\/v2\/posts"}],"about":[{"href":"http:\/\/desarrollo.grupomedios.com\/futbol\/wp-json\/wp\/v2\/types\/post"}],"author":[{"embeddable":true,"href":"http:\/\/desarrollo.grupomedios.com\/futbol\/wp-json\/wp\/v2\/users\/20"}],"replies":[{"embeddable":true,"href":"http:\/\/desarrollo.grupomedios.com\/futbol\/wp-json\/wp\/v2\/comments?post=450092"}],"version-history":[{"count":0,"href":"http:\/\/desarrollo.grupomedios.com\/futbol\/wp-json\/wp\/v2\/posts\/450092\/revisions"}],"wp:featuredmedia":[{"embeddable":true,"href":"http:\/\/desarrollo.grupomedios.com\/futbol\/wp-json\/wp\/v2\/media\/450124"}],"wp:attachment":[{"href":"http:\/\/desarrollo.grupomedios.com\/futbol\/wp-json\/wp\/v2\/media?parent=450092"}],"wp:term":[{"taxonomy":"category","embeddable":true,"href":"http:\/\/desarrollo.grupomedios.com\/futbol\/wp-json\/wp\/v2\/categories?post=450092"},{"taxonomy":"post_tag","embeddable":true,"href":"http:\/\/desarrollo.grupomedios.com\/futbol\/wp-json\/wp\/v2\/tags?post=450092"}],"curies":[{"name":"wp","href":"https:\/\/api.w.org\/{rel}","templated":true}]}}