{"id":450133,"date":"2016-12-20T17:04:02","date_gmt":"2016-12-20T23:04:02","guid":{"rendered":"https:\/\/www.futboltotal.com.mx\/?p=450133"},"modified":"2016-12-20T17:04:02","modified_gmt":"2016-12-20T23:04:02","slug":"maradona-causa-polemica-cazar-animales","status":"publish","type":"post","link":"http:\/\/desarrollo.grupomedios.com\/futbol\/cambio-de-juego\/maradona-causa-polemica-cazar-animales\/2016\/12","title":{"rendered":"Maradona causa pol\u00e9mica por cazar animales"},"content":{"rendered":"<p><strong>Diego Armando Maradona<\/strong> est\u00e1 en medio de la pol\u00e9mica al aparecer en una fotograf\u00eda con un rifle en su mano derecha\u00a0y un animal muerto, el cual agarra de las dos patas de enfrente. La foto comenz\u00f3 a circular en redes sociales .<\/p>\n<p>El animal es una peque\u00f1a cr\u00eda <strong>Oryx \u00c1rabe,<\/strong> lo que ocasion\u00f3 que la gente se indignara y comenzara a atacar al ex futbolista de la Selecci\u00f3n Argentina. <strong>Diego<\/strong> se muestra sonriente y orgulloso de haber cazado a dicho animal.<\/p>\n<p style=\"text-align: center;\"><span style=\"color: #3366ff;\"><a style=\"color: #3366ff;\" href=\"https:\/\/www.futboltotal.com.mx\/2016\/12\/toselli-fuenzalida-pueden-llegar-a-la-liga-mx\/\" target=\"_blank\">LEER M\u00c1S: Toselli y Fuenzalida pueden llegar a la Liga MX<\/a><\/span><\/p>\n<p>Hasta el momento se desconoce de donde se filtr\u00f3 la fotograf\u00eda, incluso ninguna cuenta oficial de \u00e9l o de alguien cercano tiene comentario alguno sobre la veracidad de la misma. Por el momento <strong>Maradona<\/strong> sigue metido en la pol\u00e9mica y la gente no deja de atacarlo.<\/p>\n<p>\u00bfT\u00fa qu\u00e9 opinas crack?<\/p>\n<p><a href=\"https:\/\/www.futboltotal.com.mx\/wp-content\/uploads\/2016\/12\/C0J2osJUAAA2OeL.jpg\"><img decoding=\"async\" loading=\"lazy\" class=\"alignnone wp-image-450139 size-full\" src=\"https:\/\/www.futboltotal.com.mx\/wp-content\/uploads\/2016\/12\/C0J2osJUAAA2OeL.jpg\" alt=\"c0j2osjuaaa2oel\" srcset=\"http:\/\/desarrollo.grupomedios.com\/futbol\/wp-content\/uploads\/2016\/12\/C0J2osJUAAA2OeL.jpg 640w, http:\/\/desarrollo.grupomedios.com\/futbol\/wp-content\/uploads\/2016\/12\/C0J2osJUAAA2OeL-169x300.jpg 169w, http:\/\/desarrollo.grupomedios.com\/futbol\/wp-content\/uploads\/2016\/12\/C0J2osJUAAA2OeL-577x1024.jpg 577w\" sizes=\"(max-width: 640px) 100vw, 640px\" \/><\/a><\/p>\n<p>S\u00edguenos en Twitter: <a href=\"https:\/\/twitter.com\/MXFutbolTotal\" target=\"_blank\">@MXFutbolTotal<\/a><\/p>\n","protected":false},"excerpt":{"rendered":"<p>El ex futbolista caus\u00f3 pol\u00e9mica al aparecer en una fotograf\u00eda cazando animales. <\/p>\n","protected":false},"author":20,"featured_media":450142,"comment_status":"closed","ping_status":"closed","sticky":false,"template":"","format":"standard","meta":[],"categories":[5419],"tags":[690],"_links":{"self":[{"href":"http:\/\/desarrollo.grupomedios.com\/futbol\/wp-json\/wp\/v2\/posts\/450133"}],"collection":[{"href":"http:\/\/desarrollo.grupomedios.com\/futbol\/wp-json\/wp\/v2\/posts"}],"about":[{"href":"http:\/\/desarrollo.grupomedios.com\/futbol\/wp-json\/wp\/v2\/types\/post"}],"author":[{"embeddable":true,"href":"http:\/\/desarrollo.grupomedios.com\/futbol\/wp-json\/wp\/v2\/users\/20"}],"replies":[{"embeddable":true,"href":"http:\/\/desarrollo.grupomedios.com\/futbol\/wp-json\/wp\/v2\/comments?post=450133"}],"version-history":[{"count":0,"href":"http:\/\/desarrollo.grupomedios.com\/futbol\/wp-json\/wp\/v2\/posts\/450133\/revisions"}],"wp:featuredmedia":[{"embeddable":true,"href":"http:\/\/desarrollo.grupomedios.com\/futbol\/wp-json\/wp\/v2\/media\/450142"}],"wp:attachment":[{"href":"http:\/\/desarrollo.grupomedios.com\/futbol\/wp-json\/wp\/v2\/media?parent=450133"}],"wp:term":[{"taxonomy":"category","embeddable":true,"href":"http:\/\/desarrollo.grupomedios.com\/futbol\/wp-json\/wp\/v2\/categories?post=450133"},{"taxonomy":"post_tag","embeddable":true,"href":"http:\/\/desarrollo.grupomedios.com\/futbol\/wp-json\/wp\/v2\/tags?post=450133"}],"curies":[{"name":"wp","href":"https:\/\/api.w.org\/{rel}","templated":true}]}}