{"id":450190,"date":"2016-12-20T20:37:39","date_gmt":"2016-12-21T02:37:39","guid":{"rendered":"https:\/\/www.futboltotal.com.mx\/?p=450190"},"modified":"2016-12-20T20:37:39","modified_gmt":"2016-12-21T02:37:39","slug":"presidente-la-federacion-mexicana-atletismo-pide-libertad-bajo-caucion","status":"publish","type":"post","link":"http:\/\/desarrollo.grupomedios.com\/futbol\/no-todo-es-futbol\/presidente-la-federacion-mexicana-atletismo-pide-libertad-bajo-caucion\/2016\/12","title":{"rendered":"Presidente de la FMA pide libertad bajo cauci\u00f3n"},"content":{"rendered":"<p>El presidente de la <strong>Federaci\u00f3n Mexicana de Atletismo<\/strong>, <strong>Antonio Lozano<\/strong>, se reserv\u00f3 hoy el derecho a declarar y pidi\u00f3 su libertad bajo cauci\u00f3n, en su segundo d\u00eda detenido en el Reclusorio Sur, acusado de peculado.<\/p>\n<p>En un comunicado circulado a los medios, la Procuradur\u00eda General de la Rep\u00fablica (PGR) explic\u00f3 en su declaraci\u00f3n preparatoria Lozano no declar\u00f3 y solicit\u00f3 la libertad porque el delito que le imputan no es grave, de acuerdo con el C\u00f3digo Federal de Procedimientos Penales.<\/p>\n<p>Ayer el dirigente fue requerido por autoridades de la PGR que dieron cumplimiento a una orden de aprehensi\u00f3n firmada por el juez s\u00e9ptimo del distrito de procesos penales de la capital, tras una denuncia de la Comisi\u00f3n Nacional de Cultura F\u00edsica y Deportes.<\/p>\n<p>Seg\u00fan esa instituci\u00f3n, Lozano es culpable del delito de peculado por la cantidad de 4 millones 831.197 pesos (unos 240.000 d\u00f3lares), y con eso lesion\u00f3 el patrimonio p\u00fablico y la correcta aplicaci\u00f3n de recursos destinados a programas del deporte mexicano.<\/p>\n<p style=\"text-align: center;\"><span style=\"color: #3366ff;\"><a style=\"color: #3366ff;\" href=\"https:\/\/www.futboltotal.com.mx\/2016\/12\/detienen-a-presidente-la-federacion-mexicana-atletismo\/\" target=\"_blank\"><strong>LEER M\u00c1S: Detienen al presidente de la Federaci\u00f3n Mexicana de Atletismo<\/strong><\/a><\/span><\/p>\n<p>&#8220;El imputado contin\u00faa internado en el Reclusorio Preventivo Sur a disposici\u00f3n del \u00f3rgano jurisdiccional, en tanto garantiza el da\u00f1o patrimonial por el que se ejercit\u00f3 acci\u00f3n penal en su contra y en espera de que en las pr\u00f3ximas horas se determine su situaci\u00f3n jur\u00eddica&#8221;, agreg\u00f3 la PGR.<\/p>\n<p>Luego de 12 a\u00f1os sin ganar medallas ol\u00edmpicas, el atletismo mexicano conquist\u00f3 una plata en los pasados Juegos de R\u00edo de Janeiro, de Guadalupe Gonz\u00e1lez en la caminata de 20 kil\u00f3metros, pero la formaci\u00f3n de la deportista no estuvo relacionada con los procesos de desarrollo de atletas de la Federaci\u00f3n.<\/p>\n<p>Los Campeonatos Mundiales de Londres, el pr\u00f3ximo verano, ser\u00e1n la principal competencia del atletismo mexicano en la temporada 2017, primera del ciclo ol\u00edmpico que concluir\u00e1 en Tokio 2020.<\/p>\n<p><strong>S\u00edguenos en Twitter:<\/strong> <a href=\"https:\/\/twitter.com\/MXFutbolTotal\" target=\"_blank\">@MXFutbolTotal<\/a><\/p>\n","protected":false},"excerpt":{"rendered":"<p>Antonio Lozano se encuentra detenido por malversaci\u00f3n de fondos.<\/p>\n","protected":false},"author":144,"featured_media":450191,"comment_status":"closed","ping_status":"closed","sticky":false,"template":"","format":"standard","meta":[],"categories":[5418,6411],"tags":[5771,5461],"_links":{"self":[{"href":"http:\/\/desarrollo.grupomedios.com\/futbol\/wp-json\/wp\/v2\/posts\/450190"}],"collection":[{"href":"http:\/\/desarrollo.grupomedios.com\/futbol\/wp-json\/wp\/v2\/posts"}],"about":[{"href":"http:\/\/desarrollo.grupomedios.com\/futbol\/wp-json\/wp\/v2\/types\/post"}],"author":[{"embeddable":true,"href":"http:\/\/desarrollo.grupomedios.com\/futbol\/wp-json\/wp\/v2\/users\/144"}],"replies":[{"embeddable":true,"href":"http:\/\/desarrollo.grupomedios.com\/futbol\/wp-json\/wp\/v2\/comments?post=450190"}],"version-history":[{"count":0,"href":"http:\/\/desarrollo.grupomedios.com\/futbol\/wp-json\/wp\/v2\/posts\/450190\/revisions"}],"wp:featuredmedia":[{"embeddable":true,"href":"http:\/\/desarrollo.grupomedios.com\/futbol\/wp-json\/wp\/v2\/media\/450191"}],"wp:attachment":[{"href":"http:\/\/desarrollo.grupomedios.com\/futbol\/wp-json\/wp\/v2\/media?parent=450190"}],"wp:term":[{"taxonomy":"category","embeddable":true,"href":"http:\/\/desarrollo.grupomedios.com\/futbol\/wp-json\/wp\/v2\/categories?post=450190"},{"taxonomy":"post_tag","embeddable":true,"href":"http:\/\/desarrollo.grupomedios.com\/futbol\/wp-json\/wp\/v2\/tags?post=450190"}],"curies":[{"name":"wp","href":"https:\/\/api.w.org\/{rel}","templated":true}]}}