{"id":450201,"date":"2016-12-21T09:44:53","date_gmt":"2016-12-21T15:44:53","guid":{"rendered":"https:\/\/www.futboltotal.com.mx\/?p=450201"},"modified":"2016-12-21T09:46:19","modified_gmt":"2016-12-21T15:46:19","slug":"real-madrid-bloquea-la-salida-de-james","status":"publish","type":"post","link":"http:\/\/desarrollo.grupomedios.com\/futbol\/futbol-internacional\/real-madrid-bloquea-la-salida-de-james\/2016\/12","title":{"rendered":"Real Madrid bloquea la salida de James"},"content":{"rendered":"<p>El <strong>Real Madrid<\/strong> le ha dado carpetazo al futuro de\u00a0<strong>James Rodr\u00edguez<\/strong> y mantiene firme la postura que mostr\u00f3 desde el arranque de la presente temporada, descartando la posibilidad de dejar ir al colombiano en el pr\u00f3ximo mercado de fichajes y esperar hasta el pr\u00f3ximo verano para retomar su posible traspaso.<\/p>\n<p>Despu\u00e9s de la Final del Mundial de Clubes, disputada el domingo pasado, \u00a0el colombiano dej\u00f3 en el aire su futuro y asegur\u00f3 que valorar\u00eda ofertas en enero pues, aunque no quer\u00eda salir del Real Madrid, quer\u00eda recuperar la titularidad y dejar de tener minutos a cuenta gotas con Zidane.<\/p>\n<p style=\"text-align: center;\"><a href=\"https:\/\/www.futboltotal.com.mx\/futbol-internacional\/\"><span style=\"color: #3366ff;\">LEER M\u00c1S: Todas las noticias de futbol internacional<\/span><\/a><\/p>\n<p>Sin embargo, el <strong>Real Madrid<\/strong> ha cerrado la puerta a cualquier oferta que llegue para buscar una cesi\u00f3n o un traspaso definitivo. Si un club quiere a James antes del verano entonces deber\u00e1 pagar su cl\u00e1usula de rescisi\u00f3n fijada en 500 millones de euros, seg\u00fan apunta este mi\u00e9rcoles el diario <em>Marca.\u00a0<\/em><\/p>\n<p>La otra posibilidad para que James pueda salir del <strong>Real Madrid<\/strong> es si reitera p\u00fablicamente su deseo por salir o llega a transmitirlo a la directiva del club. Al interior del mismo no quieren que nadie est\u00e9 a disgusto y mucho menos que cause conflicto y rompa con la harmon\u00eda que hay en el vestidor.<\/p>\n<p>James no tuvo un gran 2016 y perdi\u00f3 protagonismo acumulando solo 859 minutos este curso, la cifra m\u00e1s baja en su carrera. Adem\u00e1s no tuvo minutos en la Final de la Champions League, apen\u00e1s si jug\u00f3 en la Supercopa de Europa y en el Mundial de Clubes, pese a entrar de cambio y dar la asistencia a CR7 que vali\u00f3 el pase a la final, mir\u00f3 la Final desde la banca.<\/p>\n","protected":false},"excerpt":{"rendered":"<p>El club descarta transferir al mediocampista colombiano, pese a que no tiene minutos con Zidane.<\/p>\n","protected":false},"author":20,"featured_media":450205,"comment_status":"closed","ping_status":"closed","sticky":false,"template":"","format":"standard","meta":[],"categories":[3839,3844],"tags":[6082,5988],"_links":{"self":[{"href":"http:\/\/desarrollo.grupomedios.com\/futbol\/wp-json\/wp\/v2\/posts\/450201"}],"collection":[{"href":"http:\/\/desarrollo.grupomedios.com\/futbol\/wp-json\/wp\/v2\/posts"}],"about":[{"href":"http:\/\/desarrollo.grupomedios.com\/futbol\/wp-json\/wp\/v2\/types\/post"}],"author":[{"embeddable":true,"href":"http:\/\/desarrollo.grupomedios.com\/futbol\/wp-json\/wp\/v2\/users\/20"}],"replies":[{"embeddable":true,"href":"http:\/\/desarrollo.grupomedios.com\/futbol\/wp-json\/wp\/v2\/comments?post=450201"}],"version-history":[{"count":0,"href":"http:\/\/desarrollo.grupomedios.com\/futbol\/wp-json\/wp\/v2\/posts\/450201\/revisions"}],"wp:featuredmedia":[{"embeddable":true,"href":"http:\/\/desarrollo.grupomedios.com\/futbol\/wp-json\/wp\/v2\/media\/450205"}],"wp:attachment":[{"href":"http:\/\/desarrollo.grupomedios.com\/futbol\/wp-json\/wp\/v2\/media?parent=450201"}],"wp:term":[{"taxonomy":"category","embeddable":true,"href":"http:\/\/desarrollo.grupomedios.com\/futbol\/wp-json\/wp\/v2\/categories?post=450201"},{"taxonomy":"post_tag","embeddable":true,"href":"http:\/\/desarrollo.grupomedios.com\/futbol\/wp-json\/wp\/v2\/tags?post=450201"}],"curies":[{"name":"wp","href":"https:\/\/api.w.org\/{rel}","templated":true}]}}