{"id":450204,"date":"2016-12-21T10:14:40","date_gmt":"2016-12-21T16:14:40","guid":{"rendered":"https:\/\/www.futboltotal.com.mx\/?p=450204"},"modified":"2016-12-21T10:22:12","modified_gmt":"2016-12-21T16:22:12","slug":"descartan-llegada-miller-bolanos-al-cruz-azul","status":"publish","type":"post","link":"http:\/\/desarrollo.grupomedios.com\/futbol\/futbol-mexicano\/descartan-llegada-miller-bolanos-al-cruz-azul\/2016\/12","title":{"rendered":"Descartan llegada de Miller Bola\u00f1os al Cruz Azul"},"content":{"rendered":"<p>Se dec\u00eda que uno de los jugadores que buscaba <strong>Cruz Azul<\/strong> era el ecuatotiano Miller Bola\u00f1os del Gremi, excompa\u00f1ero de \u00c1ngel Mena (reciente adquisici\u00f3n de la <em>M\u00e1quina<\/em>).<\/p>\n<p style=\"text-align: center;\"><a href=\"https:\/\/www.futboltotal.com.mx\/2016\/12\/oficial-chivas-tv-claro-video-forman-alianza\/\"><span style=\"color: #3366ff;\">LEER M\u00c1S: OFICIAL: Chivas TV y Claro Video forman alianza<\/span><\/a><\/p>\n<p>No obstante la llegada del explosivo delantero a La Noria est\u00e1 descartada luego de que Jos\u00e9 Chamot, representante del jugador asegurara que el Gremio de Brasil no ha recibido oferta alguna por Bola\u00f1os.<\/p>\n<p>En palabras para el portal <em>Globoesporte<\/em>, Chamot sostuvo: \u201cEs falso. No han surgido propuestas. Gremio apost\u00f3 por Miller y \u00e9l est\u00e1 comprometido a dejar su nombre en la instituci\u00f3n. Se quedar\u00e1 en Gremio y espero que tenga un gran 2017&#8243;.<\/p>\n<p>Hace algunos d\u00edas trascendi\u00f3 que uno de los movimientos de <strong>Cruz Azul<\/strong> para el Clausura 2017\u00a0 era enviar a Joffre Guerr\u00f3n al Gremio a cambio de Miller Bola\u00f1os, pero por lo que indica el representante de Bola\u00f1os, no ha habido acercamientos para hacer el trueque.<\/p>\n<p style=\"text-align: center;\"><a href=\"https:\/\/www.futboltotal.com.mx\/2016\/12\/frase-de-ricardo-la-volpe-con-america\/\"><span style=\"color: #3366ff;\">LEER M\u00c1S: Cuando La Volpe mueve el bigote\u2026 \u00bfQu\u00e9 frase nos regalar\u00e1 ahora?<\/span><\/a><\/p>\n<p>La <em>M\u00e1quina Celeste<\/em> est\u00e1 en b\u00fasqueda de dos refuerzos m\u00e1s que ser\u00eda un medio ofensivo y un delantero para encarar el nuevo semestre ahora bajo las \u00f3rdenes en el banquillo del espa\u00f1ol Francisco J\u00e9mez.<\/p>\n<p><b>S\u00edguenos en <span id=\"m_8471571493496194266goog_2054972132\"><\/span>Twitter <a href=\"https:\/\/twitter.com\/MXFutbolTotal\" target=\"_blank\" data-saferedirecturl=\"https:\/\/www.google.com\/url?hl=es&amp;q=https:\/\/twitter.com\/MXFutbolTotal&amp;source=gmail&amp;ust=1482418145218000&amp;usg=AFQjCNFtgnTX08NgqB6yZGVkIeOy7IAvTw\">@MXFutbolTotal<\/a><\/b><\/p>\n","protected":false},"excerpt":{"rendered":"<p>El ecuatoriano puede jugar como centrodelantero, extremo derecho o medio ofensivo.<\/p>\n","protected":false},"author":20,"featured_media":450213,"comment_status":"closed","ping_status":"closed","sticky":false,"template":"","format":"standard","meta":[],"categories":[3839,2198,3845],"tags":[7749,5962,2685,6568],"_links":{"self":[{"href":"http:\/\/desarrollo.grupomedios.com\/futbol\/wp-json\/wp\/v2\/posts\/450204"}],"collection":[{"href":"http:\/\/desarrollo.grupomedios.com\/futbol\/wp-json\/wp\/v2\/posts"}],"about":[{"href":"http:\/\/desarrollo.grupomedios.com\/futbol\/wp-json\/wp\/v2\/types\/post"}],"author":[{"embeddable":true,"href":"http:\/\/desarrollo.grupomedios.com\/futbol\/wp-json\/wp\/v2\/users\/20"}],"replies":[{"embeddable":true,"href":"http:\/\/desarrollo.grupomedios.com\/futbol\/wp-json\/wp\/v2\/comments?post=450204"}],"version-history":[{"count":0,"href":"http:\/\/desarrollo.grupomedios.com\/futbol\/wp-json\/wp\/v2\/posts\/450204\/revisions"}],"wp:featuredmedia":[{"embeddable":true,"href":"http:\/\/desarrollo.grupomedios.com\/futbol\/wp-json\/wp\/v2\/media\/450213"}],"wp:attachment":[{"href":"http:\/\/desarrollo.grupomedios.com\/futbol\/wp-json\/wp\/v2\/media?parent=450204"}],"wp:term":[{"taxonomy":"category","embeddable":true,"href":"http:\/\/desarrollo.grupomedios.com\/futbol\/wp-json\/wp\/v2\/categories?post=450204"},{"taxonomy":"post_tag","embeddable":true,"href":"http:\/\/desarrollo.grupomedios.com\/futbol\/wp-json\/wp\/v2\/tags?post=450204"}],"curies":[{"name":"wp","href":"https:\/\/api.w.org\/{rel}","templated":true}]}}