{"id":450209,"date":"2016-12-21T10:00:01","date_gmt":"2016-12-21T16:00:01","guid":{"rendered":"https:\/\/www.futboltotal.com.mx\/?p=450209"},"modified":"2016-12-21T11:05:52","modified_gmt":"2016-12-21T17:05:52","slug":"seguir-en-america-veo-dificil-suplente-munoz","status":"publish","type":"post","link":"http:\/\/desarrollo.grupomedios.com\/futbol\/destacado-home\/seguir-en-america-veo-dificil-suplente-munoz\/2016\/12","title":{"rendered":"&#8216;\u00bfSeguir en Am\u00e9rica? Veo dif\u00edcil ser suplente&#8217;: Mu\u00f1oz"},"content":{"rendered":"<p>No\u00a0est\u00e1 definido el futuro de <strong>Mois\u00e9s Mu\u00f1oz<\/strong>. A pesar de que en d\u00edas pasados se dijo que <a href=\"https:\/\/www.futboltotal.com.mx\/2016\/12\/america-ya-acordo-destino-moises-munoz-el-no-quiere-irse\/\">el <strong>Am\u00e9rica<\/strong> y Jaguares de Chiapas hab\u00edan acordado su traspaso<\/a>, el portero <em>azulcrema <\/em>reiter\u00f3 que &#8220;todav\u00eda no hay absolutamente nada resuelto&#8221; y ser\u00e1 hasta despu\u00e9s de la Final del pr\u00f3ximo domingo ante Tigres cuando valore opciones y defina d\u00f3nde jugar\u00e1 para el Clausura 2017.<\/p>\n<blockquote><p>&#8220;Ahora estoy completamente enfocado en lo futbol\u00edstico y hasta que juegue el \u00faltimo partido del torneo entonces me sentar\u00e9 para valorar opciones y de ah\u00ed tomar una decisi\u00f3n&#8221;, dijo el guardameta, quien este jueves disputar\u00e1 sexta Final desde que lleg\u00f3 al Am\u00e9rica en 2012.<\/p>\n<p style=\"text-align: center;\"><a href=\"https:\/\/www.futboltotal.com.mx\/futbol-mexicano\/\"><span style=\"color: #3366ff;\">LEER M\u00c1S: Todas las noticias de futbol mexicano<\/span><\/a><\/p>\n<p>&#8220;En cuatro a\u00f1os que llev\u00f3 en el club me he ganado el cari\u00f1o de ellos y eso para m\u00ed significa mucho. Trato e regresarle el cari\u00f1o con buenas actuaciones y ahora me enfoco en ello&#8221;, agreg\u00f3 al diario <em>R\u00e9cord.<\/em><\/p><\/blockquote>\n<p><strong>Mu\u00f1oz<\/strong>, quien hasta ahora no ha renovado contrato con las <em>\u00c1guilas<\/em>,\u00a0tendr\u00e1 ineludiblemente una charla con la directiva <em>azulcrema\u00a0<\/em>y en caso de llegar a un acuerdo para que siguiera en el club, afirm\u00f3 que pelear\u00eda de t\u00fa a t\u00fa la titularidad con Agust\u00edn Marches\u00edn, pues\u00a0a sus 36 a\u00f1os aun conserva una calidad bajo los tres postes.<\/p>\n<blockquote><p>\u201cNo tengo ning\u00fan problema para competirle. Pero lo que s\u00ed veo veo dif\u00edcil es que un portero con la calidad de Marches\u00edn y de la m\u00eda est\u00e9 en la banca. Tanto \u00e9l como yo queremos jugar y estar en la banca ser\u00eda una situaci\u00f3n complicada, agreg\u00f3.<\/p><\/blockquote>\n<p>&nbsp;<\/p>\n<p>&nbsp;<\/p>\n","protected":false},"excerpt":{"rendered":"<p>El arquero asegura que no ha definido si se queda en Coapa o elige alg\u00fan otro club.<\/p>\n","protected":false},"author":20,"featured_media":450221,"comment_status":"closed","ping_status":"closed","sticky":false,"template":"","format":"standard","meta":[],"categories":[5,2198,3845],"tags":[5959,635],"_links":{"self":[{"href":"http:\/\/desarrollo.grupomedios.com\/futbol\/wp-json\/wp\/v2\/posts\/450209"}],"collection":[{"href":"http:\/\/desarrollo.grupomedios.com\/futbol\/wp-json\/wp\/v2\/posts"}],"about":[{"href":"http:\/\/desarrollo.grupomedios.com\/futbol\/wp-json\/wp\/v2\/types\/post"}],"author":[{"embeddable":true,"href":"http:\/\/desarrollo.grupomedios.com\/futbol\/wp-json\/wp\/v2\/users\/20"}],"replies":[{"embeddable":true,"href":"http:\/\/desarrollo.grupomedios.com\/futbol\/wp-json\/wp\/v2\/comments?post=450209"}],"version-history":[{"count":0,"href":"http:\/\/desarrollo.grupomedios.com\/futbol\/wp-json\/wp\/v2\/posts\/450209\/revisions"}],"wp:featuredmedia":[{"embeddable":true,"href":"http:\/\/desarrollo.grupomedios.com\/futbol\/wp-json\/wp\/v2\/media\/450221"}],"wp:attachment":[{"href":"http:\/\/desarrollo.grupomedios.com\/futbol\/wp-json\/wp\/v2\/media?parent=450209"}],"wp:term":[{"taxonomy":"category","embeddable":true,"href":"http:\/\/desarrollo.grupomedios.com\/futbol\/wp-json\/wp\/v2\/categories?post=450209"},{"taxonomy":"post_tag","embeddable":true,"href":"http:\/\/desarrollo.grupomedios.com\/futbol\/wp-json\/wp\/v2\/tags?post=450209"}],"curies":[{"name":"wp","href":"https:\/\/api.w.org\/{rel}","templated":true}]}}