{"id":450231,"date":"2016-12-21T11:40:13","date_gmt":"2016-12-21T17:40:13","guid":{"rendered":"https:\/\/www.futboltotal.com.mx\/?p=450231"},"modified":"2016-12-21T11:40:13","modified_gmt":"2016-12-21T17:40:13","slug":"james-rodriguez-envia-saludos-al-policia-james-rodriguez","status":"publish","type":"post","link":"http:\/\/desarrollo.grupomedios.com\/futbol\/futbol-internacional\/james-rodriguez-envia-saludos-al-policia-james-rodriguez\/2016\/12","title":{"rendered":"James Rodr\u00edguez env\u00eda saludos al polic\u00eda James Rodr\u00edguez"},"content":{"rendered":"<p>El futbolista colombiano <strong>James Rodr\u00edguez<\/strong> envi\u00f3 un emotivo saludo y buenos augurios en Navidad y A\u00f1o Nuevo al patrullero de la polic\u00eda James Rodr\u00edguez, quien qued\u00f3 cuadripl\u00e9jico luego de un accidente que sufri\u00f3 jugando un partido de futbol.<\/p>\n<p><iframe loading=\"lazy\" src=\"https:\/\/www.youtube.com\/embed\/v_ChKpzKaFU?feature=oembed\" frameborder=\"0\" allowfullscreen><\/iframe><\/p>\n<p>El director de la Polic\u00eda colombiana, general Jorge Hernando Nieto, fue el encargado de entregar un v\u00eddeo con el saludo de solidaridad del jugador del Real Madrid al patrullero que est\u00e1 ingresado en el Hospital Central de la misma instituci\u00f3n.<\/p>\n<p>&#8220;James, espero que est\u00e9s bien hermano, te mando un saludo grande. En Navidad tenemos momentos dif\u00edciles pero creo que hay que afrontarlos con mucha fe, con mucha valent\u00eda, confiando siempre en Dios, que \u00e9l es el que todo lo puede&#8221;, le asegur\u00f3 el 10 de la selecci\u00f3n colombiana de f\u00fatbol a su tocayo.<\/p>\n<p>Hace una semana compa\u00f1eros del polic\u00eda postrado iniciaron en las redes sociales la campa\u00f1a &#8220;James, un saludo para James&#8221;, con el fin de lograr un mensaje de Navidad del futbolista, que lleg\u00f3 a sus o\u00eddos y lo envi\u00f3 mediante un video.<\/p>\n<p>&#8220;Te deseo una feliz Navidad y un feliz a\u00f1o. Que sea un 2017 lleno de mucha felicidad, de mucha salud, que te recuperes r\u00e1pido. Eres un luchador, eres una persona guerrera y yo admiro eso de esas personas que nunca se rinden. Te mando un abrazo grande tocayo, y vamos para adelante hermano&#8221;, agreg\u00f3 el futbolista.<\/p>\n<p>El James Rodr\u00edguez polic\u00eda sufri\u00f3 el grave accidente durante un partido de futbol que disputaba en el municipio de Facatativ\u00e1 en el departamento de Cundinamarca, cuando uno de las porter\u00edas cay\u00f3 sobre \u00e9l ocasion\u00e1ndole una cuadriplejia, que lo tiene postrado en una cama.<\/p>\n<p>Hoy, por unos minutos, el patrullero James Rodr\u00edguez se olvid\u00f3 de su condici\u00f3n para disfrutar del video y de una camiseta de la selecci\u00f3n nacional con el n\u00famero 10 y el nombre de <strong>James Rodr\u00edguez<\/strong> que le entreg\u00f3 el general Nieto.<\/p>\n<p>&#8220;Aunque no lo conozco personalmente, soy un fiel admirador de mi tocayo. \u00c9l es un gran hombre, sencillo, humilde. No cualquiera hace esto&#8221;, manifest\u00f3 por su parte el uniformado.<\/p>\n<p><strong>James Rodr\u00edguez<\/strong>, el del Real Madrid, lleg\u00f3 a Colombia en compa\u00f1\u00eda de su esposa, Daniela Ospina y de su hija Salom\u00e9, para celebrar la Navidad con el resto de su familia en Medell\u00edn.<\/p>\n<p><b>S\u00edguenos en <span id=\"m_8471571493496194266goog_2054972132\"><\/span>Twitter <a href=\"https:\/\/twitter.com\/MXFutbolTotal\" target=\"_blank\" data-saferedirecturl=\"https:\/\/www.google.com\/url?hl=es&amp;q=https:\/\/twitter.com\/MXFutbolTotal&amp;source=gmail&amp;ust=1482418145218000&amp;usg=AFQjCNFtgnTX08NgqB6yZGVkIeOy7IAvTw\">@MXFutbolTotal<\/a><\/b><\/p>\n","protected":false},"excerpt":{"rendered":"<p>El James servidor p\u00fablico qued\u00f3 cuadripl\u00e9jico en un accidente jugando futbol.<\/p>\n","protected":false},"author":144,"featured_media":450233,"comment_status":"closed","ping_status":"closed","sticky":false,"template":"","format":"standard","meta":[],"categories":[3839,3844],"tags":[6082,5988],"_links":{"self":[{"href":"http:\/\/desarrollo.grupomedios.com\/futbol\/wp-json\/wp\/v2\/posts\/450231"}],"collection":[{"href":"http:\/\/desarrollo.grupomedios.com\/futbol\/wp-json\/wp\/v2\/posts"}],"about":[{"href":"http:\/\/desarrollo.grupomedios.com\/futbol\/wp-json\/wp\/v2\/types\/post"}],"author":[{"embeddable":true,"href":"http:\/\/desarrollo.grupomedios.com\/futbol\/wp-json\/wp\/v2\/users\/144"}],"replies":[{"embeddable":true,"href":"http:\/\/desarrollo.grupomedios.com\/futbol\/wp-json\/wp\/v2\/comments?post=450231"}],"version-history":[{"count":0,"href":"http:\/\/desarrollo.grupomedios.com\/futbol\/wp-json\/wp\/v2\/posts\/450231\/revisions"}],"wp:featuredmedia":[{"embeddable":true,"href":"http:\/\/desarrollo.grupomedios.com\/futbol\/wp-json\/wp\/v2\/media\/450233"}],"wp:attachment":[{"href":"http:\/\/desarrollo.grupomedios.com\/futbol\/wp-json\/wp\/v2\/media?parent=450231"}],"wp:term":[{"taxonomy":"category","embeddable":true,"href":"http:\/\/desarrollo.grupomedios.com\/futbol\/wp-json\/wp\/v2\/categories?post=450231"},{"taxonomy":"post_tag","embeddable":true,"href":"http:\/\/desarrollo.grupomedios.com\/futbol\/wp-json\/wp\/v2\/tags?post=450231"}],"curies":[{"name":"wp","href":"https:\/\/api.w.org\/{rel}","templated":true}]}}