{"id":450249,"date":"2016-12-21T11:41:43","date_gmt":"2016-12-21T17:41:43","guid":{"rendered":"https:\/\/www.futboltotal.com.mx\/?p=450249"},"modified":"2016-12-21T13:26:50","modified_gmt":"2016-12-21T19:26:50","slug":"chivas-tv-reducira-sus-costos-en-2017","status":"publish","type":"post","link":"http:\/\/desarrollo.grupomedios.com\/futbol\/destacado-home\/chivas-tv-reducira-sus-costos-en-2017\/2016\/12","title":{"rendered":"Chivas TV reducir\u00e1 sus costos en 2017"},"content":{"rendered":"<p>Debido a los problemas que tuvo el servicio de <strong>Chivas TV<\/strong> durante el Apertura 2016, el CEO de Grupo Chivas, Jos\u00e9 Luis Higuera, confirm\u00f3 que habr\u00e1 una notable reducci\u00f3n en los precios del servicio de internet. El cambio tambi\u00e9n se debe a la nueva relaci\u00f3n que el<em> Reba\u00f1o Sagrado<\/em> tendr\u00e1 con Claro Video.<\/p>\n<p>\u201cTuvimos que iniciar con precios que no eran muy accesibles, pero todo ten\u00eda una raz\u00f3n de ser. Los precios van a bajar, m\u00e1s o menos el Cl\u00e1sico costar\u00e1 $300, los dem\u00e1s partidos rondar\u00e1n entre $150 y 200&#8243;, declar\u00f3 el directivo de Chivas en entrevista con la cadena <em>ESPN<\/em>.<\/p>\n<p style=\"text-align: center;\"><span style=\"color: #3366ff;\"><a style=\"color: #3366ff;\" href=\"https:\/\/www.futboltotal.com.mx\/2016\/12\/oficial-chivas-tv-claro-video-forman-alianza\/\" target=\"_blank\"><strong>LEER M\u00c1S: Chivas TV y Claro Video forman alianza<\/strong><\/a><\/span><\/p>\n<p>Cabe destacar que el precio de un Cl\u00e1sico de Cl\u00e1sicos era de 500 pesos en el Apertura 2016, pero gracias al nuevo socio de <strong>Chivas TV<\/strong>, se reducir\u00e1 a 300. Adem\u00e1s, Jos\u00e9 Luis Higuera indica que el producto tendr\u00e1 una versi\u00f3n mejorada con la ayuda de Claro Video.<\/p>\n<p><strong>S\u00edguenos en Twitter:<\/strong> <a href=\"https:\/\/twitter.com\/MXFutbolTotal\" target=\"_blank\">@MXFutbolTotal<\/a><\/p>\n","protected":false},"excerpt":{"rendered":"<p>Jos\u00e9 Luis Higuera confirma cambio notable en tarifa del servicio.<\/p>\n","protected":false},"author":20,"featured_media":450254,"comment_status":"closed","ping_status":"closed","sticky":false,"template":"","format":"standard","meta":[],"categories":[5419,5,2198,3845],"tags":[7110],"_links":{"self":[{"href":"http:\/\/desarrollo.grupomedios.com\/futbol\/wp-json\/wp\/v2\/posts\/450249"}],"collection":[{"href":"http:\/\/desarrollo.grupomedios.com\/futbol\/wp-json\/wp\/v2\/posts"}],"about":[{"href":"http:\/\/desarrollo.grupomedios.com\/futbol\/wp-json\/wp\/v2\/types\/post"}],"author":[{"embeddable":true,"href":"http:\/\/desarrollo.grupomedios.com\/futbol\/wp-json\/wp\/v2\/users\/20"}],"replies":[{"embeddable":true,"href":"http:\/\/desarrollo.grupomedios.com\/futbol\/wp-json\/wp\/v2\/comments?post=450249"}],"version-history":[{"count":0,"href":"http:\/\/desarrollo.grupomedios.com\/futbol\/wp-json\/wp\/v2\/posts\/450249\/revisions"}],"wp:featuredmedia":[{"embeddable":true,"href":"http:\/\/desarrollo.grupomedios.com\/futbol\/wp-json\/wp\/v2\/media\/450254"}],"wp:attachment":[{"href":"http:\/\/desarrollo.grupomedios.com\/futbol\/wp-json\/wp\/v2\/media?parent=450249"}],"wp:term":[{"taxonomy":"category","embeddable":true,"href":"http:\/\/desarrollo.grupomedios.com\/futbol\/wp-json\/wp\/v2\/categories?post=450249"},{"taxonomy":"post_tag","embeddable":true,"href":"http:\/\/desarrollo.grupomedios.com\/futbol\/wp-json\/wp\/v2\/tags?post=450249"}],"curies":[{"name":"wp","href":"https:\/\/api.w.org\/{rel}","templated":true}]}}