{"id":450294,"date":"2016-12-21T14:09:39","date_gmt":"2016-12-21T20:09:39","guid":{"rendered":"https:\/\/www.futboltotal.com.mx\/?p=450294"},"modified":"2016-12-21T14:09:39","modified_gmt":"2016-12-21T20:09:39","slug":"sevilla-logra-goleada-historica-en-copa-del-rey","status":"publish","type":"post","link":"http:\/\/desarrollo.grupomedios.com\/futbol\/futbol-internacional\/sevilla-logra-goleada-historica-en-copa-del-rey\/2016\/12","title":{"rendered":"Sevilla logra goleada hist\u00f3rica en Copa del Rey"},"content":{"rendered":"<p>El <strong>Sevilla<\/strong>, que hab\u00eda sentenciado el pase a los octavos de final de la <strong>Copa del Rey<\/strong> en el partido de ida (1-5), volvi\u00f3 a golear al Formentera (9-1) en una vuelta sin historia y tras la que los andaluces esperan a un nuevo rival en este torneo, ya seguro m\u00e1s exigente que el conjunto balear.<\/p>\n<blockquote class=\"twitter-tweet\" data-width=\"500\">\n<p lang=\"es\" dir=\"ltr\">\u00a1FINAL DEL PARTIDO EN NERVI\u00d3N! <a href=\"https:\/\/twitter.com\/hashtag\/SevillaFC?src=hash\">#SevillaFC<\/a> 9-1 <a href=\"https:\/\/twitter.com\/sdformentera\">@sdformentera<\/a> <a href=\"https:\/\/twitter.com\/hashtag\/CopaDelRey?src=hash\">#CopaDelRey<\/a> <a href=\"https:\/\/twitter.com\/hashtag\/vamosmisevilla?src=hash\">#vamosmisevilla<\/a> <a href=\"https:\/\/t.co\/zVz9ENrK0d\">pic.twitter.com\/zVz9ENrK0d<\/a><\/p>\n<p>&mdash; Sevilla F\u00fatbol Club (@SevillaFC) <a href=\"https:\/\/twitter.com\/SevillaFC\/status\/811659439635890177\">December 21, 2016<\/a><\/p><\/blockquote>\n<p><script async src=\"\/\/platform.twitter.com\/widgets.js\" charset=\"utf-8\"><\/script><\/p>\n<p>El Formentera, \u00fanico equipo de Tercera que accedi\u00f3 a esta ronda, se tom\u00f3 la eliminatoria como un premio y una bonita experiencia, aunque el Sevilla siempre le impidi\u00f3 que fuera algo mas protagonista de lo que fue.<\/p>\n<p>Como se confirm\u00f3 tras la convocatoria dada por el argentino Jorge Sampaoli el martes, el <strong>Sevilla<\/strong> sali\u00f3 con un equipo muy renovado en comparaci\u00f3n a las alineaciones de la liga pero sin utilizar de inicio a ninguno de los tres jugadores del filial que llam\u00f3 para la lista de citados para este encuentro.<\/p>\n<p>El portero fue David Soria, habitual tercer meta en la plantilla pero que debut\u00f3 esta temporada al dejar en el banquillo a Sergio Rico, \u00e9ste incluido de \u00faltima hora en la lista al salir de ella el italiano Salvatore Sirigu debido a un asunto personal.<\/p>\n<p>El potencial sevillista sobre el c\u00e9sped del S\u00e1nchez Pizju\u00e1n era, pese a todo, grande, con sus dos delanteros titulares, el franc\u00e9s Wissam Ben Yedder y el argentino Luciano Vietto, y con el tambi\u00e9n argentino Joaqu\u00edn<em> Tucu<\/em> Correa, protagonista en la ida de Formentera con tres goles y al que le hicieron los penaltis de los otros dos visitantes.<\/p>\n<p>Ante ellos el conjunto formenterense, en buena l\u00ednea en su grupo de Tercera Divisi\u00f3n, situado en la segunda posici\u00f3n de la clasificaci\u00f3n, aguant\u00f3 poco la presi\u00f3n del rival.<\/p>\n<p style=\"text-align: center;\"><span style=\"color: #3366ff;\"><a style=\"color: #3366ff;\" href=\"https:\/\/www.futboltotal.com.mx\/2016\/12\/en-vivo-cologne-vs-bayer-leverkusen-bundesliga\/\" target=\"_blank\"><strong>LEER M\u00c1S: Lo mejor del Koln vs Bayer Leverkusen<\/strong><\/a><\/span><\/p>\n<p>Fue el centrocampista brasile\u00f1o Paulo Henrique Ganso el que abri\u00f3 el marcador a los trece minutos y adem\u00e1s logr\u00f3 su primer tanto como sevillista, equipo con el que firm\u00f3 este curso pero en el que goza hasta ahora de pocos minutos.<\/p>\n<p>Dos situaciones de gol en las botas de la formaci\u00f3n que entrena Tito Garc\u00eda Sanju\u00e1n, pero con remates de Juan Antonio y Lolo que se fueron fuera, fue el preludio de una racha de tantos locales, de Vietto, Ben Yedder y Pablo Sarabia, que pusieron un rotundo 4-0 antes de que su cumpliera la media hora de juego.<\/p>\n<p>No cej\u00f3 el Sevilla en su intento de tener siempre el bal\u00f3n y Vietto logr\u00f3 otros dos para que se llegara al descanso con un 6-0 a favor de un equipo que no dio ninguna concesi\u00f3n ante un adversario claramente inferior y desbordado.<\/p>\n<p>En la segunda parte nada cambi\u00f3, pronto Ben Yedder puso el s\u00e9ptimo en el marcador y hasta el guardameta David Soria quiso reivindicar sus cualidades en una gran parada tras fuerte remate de Lolo.<\/p>\n<p>El equipo de la menor de las islas Pitiusas tuvo tambi\u00e9n la recompensa, como en la ida, de batir la meta sevillista, y fue el honor para Gabri, quien repiti\u00f3 como autor del tanto, al igual que en Formentera.<\/p>\n<p>Los visitantes marcaron rebasada la hora de partido y a partir de ah\u00ed se animaron algo mas en ataque aunque el Sevilla redonde\u00f3 la goleada con un 9-1, gracias al segundo tanto de Sarabia y al tercero de Ben Yedder.<\/p>\n<p>https:\/\/twitter.com\/SevillaFC\/status\/800637201008721921<\/p>\n<p><strong>S\u00edguenos en Twitter:<\/strong> <a href=\"https:\/\/twitter.com\/MXFutbolTotal\" target=\"_blank\">@MXFutbolTotal<\/a><\/p>\n","protected":false},"excerpt":{"rendered":"<p>Los pupilos de Sampaoli golearon 9-1 a Formentera y est\u00e1n en Octavos.<\/p>\n","protected":false},"author":144,"featured_media":450296,"comment_status":"closed","ping_status":"closed","sticky":false,"template":"","format":"standard","meta":[],"categories":[3839,3844],"tags":[49],"_links":{"self":[{"href":"http:\/\/desarrollo.grupomedios.com\/futbol\/wp-json\/wp\/v2\/posts\/450294"}],"collection":[{"href":"http:\/\/desarrollo.grupomedios.com\/futbol\/wp-json\/wp\/v2\/posts"}],"about":[{"href":"http:\/\/desarrollo.grupomedios.com\/futbol\/wp-json\/wp\/v2\/types\/post"}],"author":[{"embeddable":true,"href":"http:\/\/desarrollo.grupomedios.com\/futbol\/wp-json\/wp\/v2\/users\/144"}],"replies":[{"embeddable":true,"href":"http:\/\/desarrollo.grupomedios.com\/futbol\/wp-json\/wp\/v2\/comments?post=450294"}],"version-history":[{"count":0,"href":"http:\/\/desarrollo.grupomedios.com\/futbol\/wp-json\/wp\/v2\/posts\/450294\/revisions"}],"wp:featuredmedia":[{"embeddable":true,"href":"http:\/\/desarrollo.grupomedios.com\/futbol\/wp-json\/wp\/v2\/media\/450296"}],"wp:attachment":[{"href":"http:\/\/desarrollo.grupomedios.com\/futbol\/wp-json\/wp\/v2\/media?parent=450294"}],"wp:term":[{"taxonomy":"category","embeddable":true,"href":"http:\/\/desarrollo.grupomedios.com\/futbol\/wp-json\/wp\/v2\/categories?post=450294"},{"taxonomy":"post_tag","embeddable":true,"href":"http:\/\/desarrollo.grupomedios.com\/futbol\/wp-json\/wp\/v2\/tags?post=450294"}],"curies":[{"name":"wp","href":"https:\/\/api.w.org\/{rel}","templated":true}]}}