{"id":450321,"date":"2016-12-21T15:15:58","date_gmt":"2016-12-21T21:15:58","guid":{"rendered":"https:\/\/www.futboltotal.com.mx\/?p=450321"},"modified":"2016-12-21T15:15:58","modified_gmt":"2016-12-21T21:15:58","slug":"real-madrid-va-portero-premier-league","status":"publish","type":"post","link":"http:\/\/desarrollo.grupomedios.com\/futbol\/futbol-internacional\/real-madrid-va-portero-premier-league\/2016\/12","title":{"rendered":"Real Madrid va por un portero de la Premier League"},"content":{"rendered":"<p><strong>Real Madrid<\/strong> busca reforzarse para el mercado de verano y su principal objetivo de acuerdo a <em>&#8216;El Transitor&#8217; de Onda Cero<\/em> es el portero del <strong>Chelsea, Thibaut Courtois.<\/strong> Esta no ser\u00eda la primera ocasi\u00f3n que el belga despierta el inter\u00e9s del club Merengue.<\/p>\n<p>En 2012, el guardameta de 24 a\u00f1os ya hab\u00eda sido buscado por el equipo de<strong> Zidane.<\/strong> El pase del jugador no se logr\u00f3 hacer y Mourinho fue el que aprovech\u00f3 para llevarlo al conjunto <em>Blue,<\/em> en donde le gan\u00f3 la titularidad al veterano <strong>Petr Cech.<\/strong><\/p>\n<p style=\"text-align: center;\"><span style=\"color: #3366ff;\"><a style=\"color: #3366ff;\" href=\"https:\/\/www.futboltotal.com.mx\/2016\/12\/tigres-america-los-grandes-damm\/\" target=\"_blank\">LEER M\u00c1S: Tigres y Am\u00e9rica, los m\u00e1s grandes: Damm<\/a><\/span><\/p>\n<p>El joven portero del <strong>Chelsea<\/strong> a\u00fan tiene contrato con su equipo por dos a\u00f1os y medio, y tiene un costo de 25 millones de euros. Fuertes rumores informan que<strong> Thibaut<\/strong> estar\u00eda dispuesto para volver a\u00a0Espa\u00f1a.<\/p>\n<p><strong>Madrid<\/strong> busca renovar su porter\u00eda, pues <strong>Kiko Casillas y Keylor Navas<\/strong> ya son guardametas de 30 a\u00f1os y el proyecto del <strong>Real<\/strong>, apunta para reclutar a un juvenil cancerbero. En 2015, el cuadro de Florentino hab\u00eda buscado hacerse de los servicios de <strong>David De Gea,<\/strong> pero un problema con un fax, impidi\u00f3 que el espa\u00f1ol se vistiera de blanco. Ahora buscan como opci\u00f3n amarrar a <strong>Courtois.<\/strong><\/p>\n<p>S\u00edguenos en Twitter: <a href=\"https:\/\/twitter.com\/MXFutbolTotal\" target=\"_blank\">@MXFutbolTotal<\/a><\/p>\n","protected":false},"excerpt":{"rendered":"<p>El cuadro Merengue est\u00e1 dispuesto a pagar la cl\u00e1usula de Courtois. <\/p>\n","protected":false},"author":20,"featured_media":450326,"comment_status":"closed","ping_status":"closed","sticky":false,"template":"","format":"standard","meta":[],"categories":[3839,3844,5951],"tags":[5981,7852,5988,6069],"_links":{"self":[{"href":"http:\/\/desarrollo.grupomedios.com\/futbol\/wp-json\/wp\/v2\/posts\/450321"}],"collection":[{"href":"http:\/\/desarrollo.grupomedios.com\/futbol\/wp-json\/wp\/v2\/posts"}],"about":[{"href":"http:\/\/desarrollo.grupomedios.com\/futbol\/wp-json\/wp\/v2\/types\/post"}],"author":[{"embeddable":true,"href":"http:\/\/desarrollo.grupomedios.com\/futbol\/wp-json\/wp\/v2\/users\/20"}],"replies":[{"embeddable":true,"href":"http:\/\/desarrollo.grupomedios.com\/futbol\/wp-json\/wp\/v2\/comments?post=450321"}],"version-history":[{"count":0,"href":"http:\/\/desarrollo.grupomedios.com\/futbol\/wp-json\/wp\/v2\/posts\/450321\/revisions"}],"wp:featuredmedia":[{"embeddable":true,"href":"http:\/\/desarrollo.grupomedios.com\/futbol\/wp-json\/wp\/v2\/media\/450326"}],"wp:attachment":[{"href":"http:\/\/desarrollo.grupomedios.com\/futbol\/wp-json\/wp\/v2\/media?parent=450321"}],"wp:term":[{"taxonomy":"category","embeddable":true,"href":"http:\/\/desarrollo.grupomedios.com\/futbol\/wp-json\/wp\/v2\/categories?post=450321"},{"taxonomy":"post_tag","embeddable":true,"href":"http:\/\/desarrollo.grupomedios.com\/futbol\/wp-json\/wp\/v2\/tags?post=450321"}],"curies":[{"name":"wp","href":"https:\/\/api.w.org\/{rel}","templated":true}]}}