{"id":450354,"date":"2016-12-21T17:10:06","date_gmt":"2016-12-21T23:10:06","guid":{"rendered":"https:\/\/www.futboltotal.com.mx\/?p=450354"},"modified":"2016-12-21T17:10:06","modified_gmt":"2016-12-21T23:10:06","slug":"miguel-herrera-elige-a-portero-titular","status":"publish","type":"post","link":"http:\/\/desarrollo.grupomedios.com\/futbol\/futbol-mexicano\/miguel-herrera-elige-a-portero-titular\/2016\/12","title":{"rendered":"Miguel Herrera elige a su portero titular"},"content":{"rendered":"<p>Luego de que <strong>Federico Vilar<\/strong> anunciara su retiro de las canchas, la directiva de los <strong>Xolos<\/strong> decidi\u00f3 contratar a <strong>Luis Michel<\/strong> como guardameta de Tijuana, una decisi\u00f3n que desat\u00f3 la furia del juvenil canterano <strong>Dilan Nicolleti<\/strong>, jugador campe\u00f3n del mundo Sub 17 en 2011.<\/p>\n<p>El d\u00eda de hoy, seg\u00fan informes de <em>Pressport<\/em> el <em>Piojo<\/em>, ha decidido quien ser\u00e1 el portero que defienda el arco de <strong>Tijuana<\/strong> en el arranque del torneo. Miguel se inclin\u00f3 por el portero <strong>Gibran Lajud.<\/strong><\/p>\n<p style=\"text-align: center;\"><span style=\"color: #3366ff;\"><a style=\"color: #3366ff;\" href=\"https:\/\/www.futboltotal.com.mx\/2016\/12\/quisiera-chivas-fracasara-america-en-mundial-clubes-higuera\/\" target=\"_blank\">LEER M\u00c1S: Que Chivas fracase como Am\u00e9rica pero en el Mundial de Clubes: Higuera<\/a><\/span><\/p>\n<blockquote>\n<p style=\"text-align: left;\">\u201cSon tres porteros que van a estar disputando (la titularidad). Ahorita la mano la tiene Lajud, pero no es tajante. La posibilidad de que inicie el torneo est\u00e1 en sus manos, decidimos que Michel venga a ayudar y que tambi\u00e9n ayude a crecer a los muchachos\u201d, declar\u00f3 el estratega de Xolos.<\/p>\n<\/blockquote>\n<p style=\"text-align: left;\"><strong>Herrera<\/strong> declar\u00f3 que<strong> Lajud<\/strong> tiene grandes cualidades para arrancar el torneo como titular y que podr\u00eda ser le titular ante Cruz Azul.<\/p>\n<blockquote>\n<p style=\"text-align: left;\">\u201cLa idea es que <strong>Lajud<\/strong> sea el arquero de este equipo, tiene ya suficiente madurez para ser un arquero de Primera Divisi\u00f3n, ha sido un arquero de selecci\u00f3n mayor, ol\u00edmpica. Si traes un jugador de esa talla (Mu\u00f1oz), tiene que jugar, sin contar el sueldo, el gasto\u201d sentenci\u00f3 el director t\u00e9cnico.<\/p>\n<\/blockquote>\n<p>S\u00edguenos en Twitter: <a href=\"https:\/\/twitter.com\/MXFutbolTotal\" target=\"_blank\">@MXFutbolTotal<\/a><\/p>\n","protected":false},"excerpt":{"rendered":"<p>El &#8216;Piojo&#8217; decidi\u00f3 que Gibran Lajud sea el que defienda la porter\u00eda de Xolos. <\/p>\n","protected":false},"author":20,"featured_media":450358,"comment_status":"closed","ping_status":"closed","sticky":false,"template":"","format":"standard","meta":[],"categories":[2198,3845,5950],"tags":[7856,301,255],"_links":{"self":[{"href":"http:\/\/desarrollo.grupomedios.com\/futbol\/wp-json\/wp\/v2\/posts\/450354"}],"collection":[{"href":"http:\/\/desarrollo.grupomedios.com\/futbol\/wp-json\/wp\/v2\/posts"}],"about":[{"href":"http:\/\/desarrollo.grupomedios.com\/futbol\/wp-json\/wp\/v2\/types\/post"}],"author":[{"embeddable":true,"href":"http:\/\/desarrollo.grupomedios.com\/futbol\/wp-json\/wp\/v2\/users\/20"}],"replies":[{"embeddable":true,"href":"http:\/\/desarrollo.grupomedios.com\/futbol\/wp-json\/wp\/v2\/comments?post=450354"}],"version-history":[{"count":0,"href":"http:\/\/desarrollo.grupomedios.com\/futbol\/wp-json\/wp\/v2\/posts\/450354\/revisions"}],"wp:featuredmedia":[{"embeddable":true,"href":"http:\/\/desarrollo.grupomedios.com\/futbol\/wp-json\/wp\/v2\/media\/450358"}],"wp:attachment":[{"href":"http:\/\/desarrollo.grupomedios.com\/futbol\/wp-json\/wp\/v2\/media?parent=450354"}],"wp:term":[{"taxonomy":"category","embeddable":true,"href":"http:\/\/desarrollo.grupomedios.com\/futbol\/wp-json\/wp\/v2\/categories?post=450354"},{"taxonomy":"post_tag","embeddable":true,"href":"http:\/\/desarrollo.grupomedios.com\/futbol\/wp-json\/wp\/v2\/tags?post=450354"}],"curies":[{"name":"wp","href":"https:\/\/api.w.org\/{rel}","templated":true}]}}