{"id":450378,"date":"2016-12-21T19:06:00","date_gmt":"2016-12-22T01:06:00","guid":{"rendered":"https:\/\/www.futboltotal.com.mx\/?p=450378"},"modified":"2016-12-21T19:13:00","modified_gmt":"2016-12-22T01:13:00","slug":"necaxa-anuncia-llegada-nuevo-refuerzo","status":"publish","type":"post","link":"http:\/\/desarrollo.grupomedios.com\/futbol\/futbol-mexicano\/necaxa-anuncia-llegada-nuevo-refuerzo\/2016\/12","title":{"rendered":"Necaxa anuncia la llegada de un nuevo refuerzo"},"content":{"rendered":"<p>Los <em>Rayos<\/em>, se siguen reforzando de cara al <strong>Clausura 2017<\/strong> en la b\u00fasqueda de hacer un torneo igual o mejor que el que acaba de terminar. En esta ocasi\u00f3n han anunciado de forma oficial la llegada de <strong>Jon\u00e1s Aguirre,<\/strong> que llega procedente del <strong>Rosario Central.<\/strong><\/p>\n<p><strong>Aguirre<\/strong> se desempe\u00f1a como volante por izquierda y ha jugado toda su vida para el <strong>Rosario Central.<\/strong> Realiz\u00f3 su debut en 2011 en segunda divisi\u00f3n de Argentina. Para el 2013 gan\u00f3 el t\u00edtulo de segunda divisi\u00f3n y ascendi\u00f3 a la Primera de Argentina.<\/p>\n<p style=\"text-align: center;\"><span style=\"color: #3366ff;\"><a style=\"color: #3366ff;\" href=\"https:\/\/www.futboltotal.com.mx\/2016\/12\/javier-aquino-manda-mensaje-chivas\/\" target=\"_blank\">LEER M\u00c1S: Javier Aquino manda mensaje a Chivas<\/a><\/span><\/p>\n<p><em>&#8220;La Pantera&#8221;<\/em>, como le apodan, debut\u00f3 en 2013 y jug\u00f3 en esa temporada 10 encuentros, posteriormente se volvi\u00f3 un hombre indispensable en el mediocampo de del <strong>Rosario.<\/strong> En su estancia durante el equipo<em> Canalla\u00a0<\/em>particip\u00f3 en 65 encuentros y marc\u00f3 5 tantos.<\/p>\n<blockquote class=\"twitter-tweet\" data-width=\"500\">\n<p lang=\"es\" dir=\"ltr\">Jon\u00e1s Aguirre se suma a nuestro equipo para el Clausura 2017 \u00a1Bienvenido a los Rayos! <a href=\"https:\/\/t.co\/l6DRSJ6oYt\">pic.twitter.com\/l6DRSJ6oYt<\/a><\/p>\n<p>&mdash; Club Necaxa (@ClubNecaxa) <a href=\"https:\/\/twitter.com\/ClubNecaxa\/status\/811729583858778112\">December 22, 2016<\/a><\/p><\/blockquote>\n<p><script async src=\"\/\/platform.twitter.com\/widgets.js\" charset=\"utf-8\"><\/script><\/p>\n<p><strong>Jon\u00e1s<\/strong> es el tercer refuerzo del <strong>Necaxa<\/strong> de <strong>Alfonso Sosa<\/strong>, quienes ya se preparan para enfrentar el siguiente torneo y pensar una vez m\u00e1s en la <strong>Liguilla.<\/strong><\/p>\n<p><iframe loading=\"lazy\" src=\"https:\/\/www.youtube.com\/embed\/N3g69J5ltRU?feature=oembed\" frameborder=\"0\" allowfullscreen><\/iframe><\/p>\n<p>S\u00edguenos en Twitter: <a href=\"https:\/\/twitter.com\/MXFutbolTotal\" target=\"_blank\">@MXFutbolTotal<\/a><\/p>\n","protected":false},"excerpt":{"rendered":"<p>Los Rayos acaban de hacer oficial la llegada de Jon\u00e1s Aguirre. <\/p>\n","protected":false},"author":20,"featured_media":450382,"comment_status":"closed","ping_status":"closed","sticky":false,"template":"","format":"standard","meta":[],"categories":[2198,3845,5950],"tags":[7857,261,263],"_links":{"self":[{"href":"http:\/\/desarrollo.grupomedios.com\/futbol\/wp-json\/wp\/v2\/posts\/450378"}],"collection":[{"href":"http:\/\/desarrollo.grupomedios.com\/futbol\/wp-json\/wp\/v2\/posts"}],"about":[{"href":"http:\/\/desarrollo.grupomedios.com\/futbol\/wp-json\/wp\/v2\/types\/post"}],"author":[{"embeddable":true,"href":"http:\/\/desarrollo.grupomedios.com\/futbol\/wp-json\/wp\/v2\/users\/20"}],"replies":[{"embeddable":true,"href":"http:\/\/desarrollo.grupomedios.com\/futbol\/wp-json\/wp\/v2\/comments?post=450378"}],"version-history":[{"count":0,"href":"http:\/\/desarrollo.grupomedios.com\/futbol\/wp-json\/wp\/v2\/posts\/450378\/revisions"}],"wp:featuredmedia":[{"embeddable":true,"href":"http:\/\/desarrollo.grupomedios.com\/futbol\/wp-json\/wp\/v2\/media\/450382"}],"wp:attachment":[{"href":"http:\/\/desarrollo.grupomedios.com\/futbol\/wp-json\/wp\/v2\/media?parent=450378"}],"wp:term":[{"taxonomy":"category","embeddable":true,"href":"http:\/\/desarrollo.grupomedios.com\/futbol\/wp-json\/wp\/v2\/categories?post=450378"},{"taxonomy":"post_tag","embeddable":true,"href":"http:\/\/desarrollo.grupomedios.com\/futbol\/wp-json\/wp\/v2\/tags?post=450378"}],"curies":[{"name":"wp","href":"https:\/\/api.w.org\/{rel}","templated":true}]}}