{"id":450379,"date":"2016-12-21T18:56:15","date_gmt":"2016-12-22T00:56:15","guid":{"rendered":"https:\/\/www.futboltotal.com.mx\/?p=450379"},"modified":"2016-12-21T18:58:35","modified_gmt":"2016-12-22T00:58:35","slug":"entregan-trofeo-campeon-al-chapecoense","status":"publish","type":"post","link":"http:\/\/desarrollo.grupomedios.com\/futbol\/videos\/entregan-trofeo-campeon-al-chapecoense\/2016\/12","title":{"rendered":"Entregan trofeo de campe\u00f3n al Chapecoense"},"content":{"rendered":"<p>En la ceremonia del sorteo de Grupos para la Copa Libertadores 2017, la directiva del <strong>Chapecoense<\/strong> recibi\u00f3 el trofeo de campe\u00f3n de la Copa Sudamericana 2016. El presidente de la CONMEBOL, Alejandro Dom\u00ednguez, felicit\u00f3 al Atl\u00e9tico Nacional por su gesto hacia el club brasile\u00f1o.<\/p>\n<blockquote class=\"twitter-tweet\" data-width=\"500\">\n<p lang=\"es\" dir=\"ltr\">Alejandro Dom\u00ednguez: &quot;Gracias Colombia, Gracias <a href=\"https:\/\/twitter.com\/nacionaloficial\">@nacionaloficial<\/a>&quot;<\/p>\n<p>&mdash; CONMEBOL.com (@CONMEBOL) <a href=\"https:\/\/twitter.com\/CONMEBOL\/status\/811724858874884098\">December 22, 2016<\/a><\/p><\/blockquote>\n<p><script async src=\"\/\/platform.twitter.com\/widgets.js\" charset=\"utf-8\"><\/script><\/p>\n<blockquote class=\"twitter-tweet\" data-width=\"500\">\n<p lang=\"und\" dir=\"ltr\">Entrega de la Copa Sudamericana 2016 a Chapecoense <a href=\"https:\/\/t.co\/geHqvGHQHf\">https:\/\/t.co\/geHqvGHQHf<\/a><\/p>\n<p>&mdash; CONMEBOL.com (@CONMEBOL) <a href=\"https:\/\/twitter.com\/CONMEBOL\/status\/811727696963063808\">December 22, 2016<\/a><\/p><\/blockquote>\n<p><script async src=\"\/\/platform.twitter.com\/widgets.js\" charset=\"utf-8\"><\/script><\/p>\n<p>La directiva del <strong>Chapecoense<\/strong> agradeci\u00f3 al Atl\u00e9tico Nacional y a la CONMEBOL, por entregarles el t\u00edtulo de la Copa Sudamericana, al tiempo en que dedicaban a sus jugadores ca\u00eddos, el trofeo que ya no pudieron disputar. En el evento sudamericano hubo sentimientos encontrados, por los m\u00faltiples homenajes que tuvieron lugar.<\/p>\n<p style=\"text-align: center;\"><span style=\"color: #3366ff;\"><a style=\"color: #3366ff;\" href=\"https:\/\/www.futboltotal.com.mx\/2016\/12\/sevilla-logra-goleada-historica-en-copa-del-rey\/\" target=\"_blank\"><strong>LEER M\u00c1S: Sevilla logra goleada de antolog\u00eda, similar a la de un videojuego<\/strong><\/a><\/span><\/p>\n<p>Durante la ceremonia, tambi\u00e9n se rindi\u00f3 homenaje a los periodistas que perdieron la vida en el accidente, y se entreg\u00f3 un reconocimiento al Atl\u00e9tico Nacional, por ser un ejemplo de Fair Play para el mundo.<\/p>\n<blockquote class=\"twitter-tweet\" data-width=\"500\">\n<p lang=\"es\" dir=\"ltr\">Homenaje a los periodistas fallecidos en la tragedia a\u00e9rea. <a href=\"https:\/\/t.co\/bIOs2lVO1F\">pic.twitter.com\/bIOs2lVO1F<\/a><\/p>\n<p>&mdash; CONMEBOL.com (@CONMEBOL) <a href=\"https:\/\/twitter.com\/CONMEBOL\/status\/811730806888665088\">December 22, 2016<\/a><\/p><\/blockquote>\n<p><script async src=\"\/\/platform.twitter.com\/widgets.js\" charset=\"utf-8\"><\/script><\/p>\n<blockquote class=\"twitter-tweet\" data-width=\"500\">\n<p lang=\"es\" dir=\"ltr\">Reconocimiento al Atl\u00e9tico Nacional con el premio Centenario CONMEBOL al Fair Play <a href=\"https:\/\/t.co\/5JJVZmEPPB\">https:\/\/t.co\/5JJVZmEPPB<\/a><\/p>\n<p>&mdash; CONMEBOL.com (@CONMEBOL) <a href=\"https:\/\/twitter.com\/CONMEBOL\/status\/811731709897031680\">December 22, 2016<\/a><\/p><\/blockquote>\n<p><script async src=\"\/\/platform.twitter.com\/widgets.js\" charset=\"utf-8\"><\/script><\/p>\n<p><strong>S\u00edguenos en Twitter:<\/strong> <a href=\"https:\/\/twitter.com\/MXFutbolTotal\" target=\"_blank\">@MXFutbolTotal<\/a><\/p>\n","protected":false},"excerpt":{"rendered":"<p>En una ceremonia emotiva, el club brasile\u00f1o recibe la Copa Sudamericana.<\/p>\n","protected":false},"author":20,"featured_media":450380,"comment_status":"closed","ping_status":"closed","sticky":false,"template":"","format":"standard","meta":[],"categories":[3859,5,3839,4],"tags":[7668,1396],"_links":{"self":[{"href":"http:\/\/desarrollo.grupomedios.com\/futbol\/wp-json\/wp\/v2\/posts\/450379"}],"collection":[{"href":"http:\/\/desarrollo.grupomedios.com\/futbol\/wp-json\/wp\/v2\/posts"}],"about":[{"href":"http:\/\/desarrollo.grupomedios.com\/futbol\/wp-json\/wp\/v2\/types\/post"}],"author":[{"embeddable":true,"href":"http:\/\/desarrollo.grupomedios.com\/futbol\/wp-json\/wp\/v2\/users\/20"}],"replies":[{"embeddable":true,"href":"http:\/\/desarrollo.grupomedios.com\/futbol\/wp-json\/wp\/v2\/comments?post=450379"}],"version-history":[{"count":0,"href":"http:\/\/desarrollo.grupomedios.com\/futbol\/wp-json\/wp\/v2\/posts\/450379\/revisions"}],"wp:featuredmedia":[{"embeddable":true,"href":"http:\/\/desarrollo.grupomedios.com\/futbol\/wp-json\/wp\/v2\/media\/450380"}],"wp:attachment":[{"href":"http:\/\/desarrollo.grupomedios.com\/futbol\/wp-json\/wp\/v2\/media?parent=450379"}],"wp:term":[{"taxonomy":"category","embeddable":true,"href":"http:\/\/desarrollo.grupomedios.com\/futbol\/wp-json\/wp\/v2\/categories?post=450379"},{"taxonomy":"post_tag","embeddable":true,"href":"http:\/\/desarrollo.grupomedios.com\/futbol\/wp-json\/wp\/v2\/tags?post=450379"}],"curies":[{"name":"wp","href":"https:\/\/api.w.org\/{rel}","templated":true}]}}