{"id":450396,"date":"2016-12-21T20:01:58","date_gmt":"2016-12-22T02:01:58","guid":{"rendered":"https:\/\/www.futboltotal.com.mx\/?p=450396"},"modified":"2016-12-21T20:01:58","modified_gmt":"2016-12-22T02:01:58","slug":"definidos-los-grupos-la-copa-libertadores-2017","status":"publish","type":"post","link":"http:\/\/desarrollo.grupomedios.com\/futbol\/futbol-internacional\/definidos-los-grupos-la-copa-libertadores-2017\/2016\/12","title":{"rendered":"Definidos los Grupos de la Copa Libertadores 2017"},"content":{"rendered":"<p>Este mi\u00e9rcoles 21 de diciembre, la CONMEBOL celebr\u00f3 la ceremonia de sorteo de Grupos para la <strong>Copa Libertadores 2017<\/strong>, donde homenajearon al <strong>Chapecoense<\/strong> y a los periodistas fallecidos en el accidente a\u00e9reo del pasado 28 de noviembre.<\/p>\n<p>El <strong>Chapecoense<\/strong> qued\u00f3 en el Grupo 7, junto al Nacional de Uruguay, al Lan\u00fas de Argentina, donde milit\u00f3 brevemente el mexicano Jonny Magall\u00f3n, y Zulia de Venezuela; por su parte el campe\u00f3n, Atl\u00e9tico Nacional, se medir\u00e1 ante Estudiantes de Argentina, Barcelona de Ecuador y al ganador 1 de la repesca.<\/p>\n<p style=\"text-align: center;\"><span style=\"color: #3366ff;\"><a style=\"color: #3366ff;\" href=\"https:\/\/www.futboltotal.com.mx\/2016\/12\/entregan-trofeo-campeon-al-chapecoense\/\" target=\"_blank\"><strong>LEER M\u00c1S: Entregan trofeo de campe\u00f3n al Chapecoense<\/strong><\/a><\/span><\/p>\n<blockquote class=\"twitter-tweet\" data-width=\"500\">\n<p lang=\"es\" dir=\"ltr\">As\u00ed qued\u00f3 conformada la Fase de Grupos de la <a href=\"https:\/\/twitter.com\/hashtag\/ConmebolLibertadores?src=hash\">#ConmebolLibertadores<\/a> 2017. <a href=\"https:\/\/t.co\/dYtXorlgk0\">pic.twitter.com\/dYtXorlgk0<\/a><\/p>\n<p>&mdash; CONMEBOL.com (@CONMEBOL) <a href=\"https:\/\/twitter.com\/CONMEBOL\/status\/811746033273335808\">December 22, 2016<\/a><\/p><\/blockquote>\n<p><script async src=\"\/\/platform.twitter.com\/widgets.js\" charset=\"utf-8\"><\/script><\/p>\n<p>Cabe destacar que durante la ceremonia, la CONMEBOL no mencion\u00f3 a M\u00e9xico, ni siquiera de forma pol\u00edticamente correcta, por su ausencia de la <strong>Copa Libertadores 2017<\/strong>, a pesar de los 18 a\u00f1os de participaci\u00f3n de los clubes aztecas en el certamen continental.<\/p>\n<p><strong>S\u00edguenos en Twitter:<\/strong> <a href=\"https:\/\/twitter.com\/MXFutbolTotal\" target=\"_blank\">@MXFutbolTotal<\/a><\/p>\n","protected":false},"excerpt":{"rendered":"<p>CONMEBOL no record\u00f3 a M\u00e9xico por su ausencia en la nueva edici\u00f3n.<\/p>\n","protected":false},"author":20,"featured_media":450397,"comment_status":"closed","ping_status":"closed","sticky":false,"template":"","format":"standard","meta":[],"categories":[3859,3839],"tags":[1396],"_links":{"self":[{"href":"http:\/\/desarrollo.grupomedios.com\/futbol\/wp-json\/wp\/v2\/posts\/450396"}],"collection":[{"href":"http:\/\/desarrollo.grupomedios.com\/futbol\/wp-json\/wp\/v2\/posts"}],"about":[{"href":"http:\/\/desarrollo.grupomedios.com\/futbol\/wp-json\/wp\/v2\/types\/post"}],"author":[{"embeddable":true,"href":"http:\/\/desarrollo.grupomedios.com\/futbol\/wp-json\/wp\/v2\/users\/20"}],"replies":[{"embeddable":true,"href":"http:\/\/desarrollo.grupomedios.com\/futbol\/wp-json\/wp\/v2\/comments?post=450396"}],"version-history":[{"count":0,"href":"http:\/\/desarrollo.grupomedios.com\/futbol\/wp-json\/wp\/v2\/posts\/450396\/revisions"}],"wp:featuredmedia":[{"embeddable":true,"href":"http:\/\/desarrollo.grupomedios.com\/futbol\/wp-json\/wp\/v2\/media\/450397"}],"wp:attachment":[{"href":"http:\/\/desarrollo.grupomedios.com\/futbol\/wp-json\/wp\/v2\/media?parent=450396"}],"wp:term":[{"taxonomy":"category","embeddable":true,"href":"http:\/\/desarrollo.grupomedios.com\/futbol\/wp-json\/wp\/v2\/categories?post=450396"},{"taxonomy":"post_tag","embeddable":true,"href":"http:\/\/desarrollo.grupomedios.com\/futbol\/wp-json\/wp\/v2\/tags?post=450396"}],"curies":[{"name":"wp","href":"https:\/\/api.w.org\/{rel}","templated":true}]}}