{"id":450406,"date":"2016-12-22T09:12:40","date_gmt":"2016-12-22T15:12:40","guid":{"rendered":"https:\/\/www.futboltotal.com.mx\/?p=450406"},"modified":"2016-12-22T10:01:25","modified_gmt":"2016-12-22T16:01:25","slug":"juventus-quiere-fichaje-bomba-al-estilo-del-higuain","status":"publish","type":"post","link":"http:\/\/desarrollo.grupomedios.com\/futbol\/futbol-internacional\/juventus-quiere-fichaje-bomba-al-estilo-del-higuain\/2016\/12","title":{"rendered":"Juventus quiere otro fichaje bomba al estilo del de Higua\u00edn"},"content":{"rendered":"<p>Luego de soltar una de las bombas m\u00e1s fuertes en la ventana pasada de fichajes, la <strong>Juventus<\/strong> se est\u00e1 preparando para cimbrar nuevamente el mercado.<\/p>\n<p>De acuerdo con Tuttosport, la <em>Vecchia Signora<\/em> est\u00e1 buscando llenar el hueco que dej\u00f3 en el centro del campo la marcha de Andrea Pirlo y quiere para ello a un futbolista con m\u00e1s fantas\u00eda que m\u00fasculo (m\u00e1s del corte de Miralem Pjanic que de Sami Khedira).<\/p>\n<p style=\"text-align: center;\"><a href=\"https:\/\/www.futboltotal.com.mx\/2016\/12\/zidane-quiere-a-juventus-en-octavos\/\" target=\"_blank\"><span style=\"color: #3366ff;\"><strong>LEER M\u00c1S: Zidane no quiere a la Juventus en octavos<\/strong><\/span><\/a><\/p>\n<p>Y seg\u00fan el diario italiano, hay tres jugadores que integran la lista de deseos <em>Bianconeri<\/em>. El primero de ellos es el italiano Marco Verratti, quien renov\u00f3 hace poco su contrato con el Paris Saint-Germain hasta 2020.<\/p>\n<p>Despu\u00e9s, aparecen dos tipos que est\u00e1n hoy en los dos gigantes de La Liga de Espa\u00f1a. Uno es Ivan Rakitic, del Barcelona, que est\u00e1 pasando un momento extra\u00f1o en su equipo, pues no ha disputado ni un minuto de los \u00faltimos dos partidos en liga (despu\u00e9s de el Cl\u00e1sico, el 3 de diciembre, volvi\u00f3 a jugar un partido oficial hasta el 21 de este mes, ante el H\u00e9rcules en la Copa); adem\u00e1s, no se ha vuelto a saber de su renovaci\u00f3n con los <em>Blaugranas<\/em>.<\/p>\n<p style=\"text-align: center;\"><a href=\"https:\/\/www.futboltotal.com.mx\/2016\/12\/zidane-quiere-a-juventus-en-octavos\/\" target=\"_blank\"><span style=\"color: #3366ff;\"><strong>LEER M\u00c1S: Xavi Hern\u00e1ndez visit\u00f3 a la Juventus en Catar<\/strong><\/span><\/a><\/p>\n<p>El tercer jugador en la agenda de Giuseppe Marotta -director deportivo de la <strong>Juventus<\/strong>&#8211; es Toni Kroos, del Real Madrid. La del alem\u00e1n parece la opci\u00f3n m\u00e1s complicada, dado que es clave en el Madrid y que su cl\u00e1usula de rescisi\u00f3n asciende a 300 millones de euros, seg\u00fan revel\u00f3 en febrero de este a\u00f1o Football Leaks.<\/p>\n<p>Aunque las tres opciones lucen dif\u00edciles, Tuttosport apunta que el club de Tur\u00edn est\u00e1 dispuesto a soltar otro bombazo similar al que utiliz\u00f3 para fichar a Higua\u00edn, por quien pag\u00f3 90 millones de euros.<\/p>\n<p><a href=\"https:\/\/twitter.com\/MXFutbolTotal\" target=\"_blank\"><span style=\"color: #3366ff;\"><strong>S\u00edguenos en Twitter: @MXFutbolTotal<\/strong><\/span><\/a><\/p>\n","protected":false},"excerpt":{"rendered":"<p>La Vecchia Signora est\u00e1 dispuesta a soltar otro bombazo.<\/p>\n","protected":false},"author":20,"featured_media":413878,"comment_status":"closed","ping_status":"closed","sticky":false,"template":"","format":"standard","meta":[],"categories":[3839,3844,7521,3848,5951],"tags":[2086,5984,253,413,292,5132,7858,5999,3006,76,408,2048,4086,1376,114,687,5080,5988,5958,6910,7287],"_links":{"self":[{"href":"http:\/\/desarrollo.grupomedios.com\/futbol\/wp-json\/wp\/v2\/posts\/450406"}],"collection":[{"href":"http:\/\/desarrollo.grupomedios.com\/futbol\/wp-json\/wp\/v2\/posts"}],"about":[{"href":"http:\/\/desarrollo.grupomedios.com\/futbol\/wp-json\/wp\/v2\/types\/post"}],"author":[{"embeddable":true,"href":"http:\/\/desarrollo.grupomedios.com\/futbol\/wp-json\/wp\/v2\/users\/20"}],"replies":[{"embeddable":true,"href":"http:\/\/desarrollo.grupomedios.com\/futbol\/wp-json\/wp\/v2\/comments?post=450406"}],"version-history":[{"count":0,"href":"http:\/\/desarrollo.grupomedios.com\/futbol\/wp-json\/wp\/v2\/posts\/450406\/revisions"}],"wp:featuredmedia":[{"embeddable":true,"href":"http:\/\/desarrollo.grupomedios.com\/futbol\/wp-json\/wp\/v2\/media\/413878"}],"wp:attachment":[{"href":"http:\/\/desarrollo.grupomedios.com\/futbol\/wp-json\/wp\/v2\/media?parent=450406"}],"wp:term":[{"taxonomy":"category","embeddable":true,"href":"http:\/\/desarrollo.grupomedios.com\/futbol\/wp-json\/wp\/v2\/categories?post=450406"},{"taxonomy":"post_tag","embeddable":true,"href":"http:\/\/desarrollo.grupomedios.com\/futbol\/wp-json\/wp\/v2\/tags?post=450406"}],"curies":[{"name":"wp","href":"https:\/\/api.w.org\/{rel}","templated":true}]}}