{"id":450434,"date":"2016-12-22T11:25:36","date_gmt":"2016-12-22T17:25:36","guid":{"rendered":"https:\/\/www.futboltotal.com.mx\/?p=450434"},"modified":"2016-12-22T11:25:36","modified_gmt":"2016-12-22T17:25:36","slug":"gullit-pena-no-habla-mal-de-chivas","status":"publish","type":"post","link":"http:\/\/desarrollo.grupomedios.com\/futbol\/futbol-mexicano\/gullit-pena-no-habla-mal-de-chivas\/2016\/12","title":{"rendered":"Gullit Pe\u00f1a no habla mal de Chivas"},"content":{"rendered":"<p>&#8220;<strong>Gullit<\/strong> no dio el ancho y no queremos que regrese&#8221;. As\u00ed resumi\u00f3 Jorge Vergara, due\u00f1o de <em>Chivas<\/em>, el a\u00f1o que pas\u00f3 <strong>Carlos Pe\u00f1a<\/strong> vistiendo la camiseta rojiblanca. El cambio de equipo para el mediocampista fue inevitable y ahora ha vuelto al Le\u00f3n, el club donde brill\u00f3 y fue bicampe\u00f3n del futbol mexicano.<\/p>\n<blockquote>\n<p style=\"text-align: left;\">En el d\u00eda de su presentaci\u00f3n como refuerzo de los <em>Esmeraldas<\/em>, al<em> Gullit<\/em>\u00a0le cuestionaron sobre que le parec\u00edan las palabras del due\u00f1o del <em>Reba\u00f1o\u00a0<\/em>y apunt\u00f3:\u00a0\u201cSu opini\u00f3n es muy respetable\u2026 estoy tranquilo, estoy contento con Chivas, siempre me trataron bien. Yo nunca hablo mal de las personas que me dieron de comer a m\u00ed y a mi familia, \u201d.<\/p>\n<\/blockquote>\n<p style=\"text-align: center;\"><span style=\"color: #3366ff;\">LEER M\u00c1S: Todas las noticias de futbol mexicano<\/span><\/p>\n<p><strong>Gullit<\/strong> lleg\u00f3 como la contrataci\u00f3n m\u00e1s importante de <em>Chivas<\/em> para el Clausura 2016. Un semestre antes vivi\u00f3 su mejor torneo con la <em>Fiera\u00a0<\/em>en el que, a pesar de no haber sido campe\u00f3n, fue titular indiscutible y totaliz\u00f3 11 goles (8 en Liga y 3 en Copa).<\/p>\n<p>En cuanto cambi\u00f3 de camiseta estuvo un \u00e1pice debajo de este nivel y nunca termin\u00f3 de ganarse a la afici\u00f3n <em>rojiblanca, <\/em>que fue tan bipolar como para alabarlo en su primer torneo, donde marc\u00f3 7 goles y ayud\u00f3 al club a evitar el descenso, como para abuchearlo despu\u00e9s de fallar penales y criticarlo tras su baja de rendimiento y verlo en el banquillo.<\/p>\n<blockquote><p>\u201cEn lo personal considero bueno, met\u00ed ocho goles, fui el que m\u00e1s anot\u00f3 en ese tiempo, tuve una S\u00fapercopa, nos salvamos del descenso y entramos en dos veces a la liguilla\u201d, valor\u00f3.<\/p><\/blockquote>\n<p style=\"text-align: left;\">Pe\u00f1a est\u00e1 feliz de regreso con los<em> Panzas Verdes<\/em> y asegur\u00f3 que, a diferencia de <em>Chivas<\/em>, en el Le\u00f3n &#8220;el trato de la instituciones distinto; te entiende, no te ve como futbolista y te ve como persona&#8221;. En el Clausura 2017 buscar\u00e1 recuperar el sitio de figura que un d\u00eda dej\u00f3.<\/p>\n","protected":false},"excerpt":{"rendered":"<p>El mediocampista le mand\u00f3 un mensaje a los dirigentes del Reba\u00f1o. <\/p>\n","protected":false},"author":20,"featured_media":450442,"comment_status":"closed","ping_status":"closed","sticky":false,"template":"","format":"standard","meta":[],"categories":[2198,3845,5950],"tags":[70,1754,5965],"_links":{"self":[{"href":"http:\/\/desarrollo.grupomedios.com\/futbol\/wp-json\/wp\/v2\/posts\/450434"}],"collection":[{"href":"http:\/\/desarrollo.grupomedios.com\/futbol\/wp-json\/wp\/v2\/posts"}],"about":[{"href":"http:\/\/desarrollo.grupomedios.com\/futbol\/wp-json\/wp\/v2\/types\/post"}],"author":[{"embeddable":true,"href":"http:\/\/desarrollo.grupomedios.com\/futbol\/wp-json\/wp\/v2\/users\/20"}],"replies":[{"embeddable":true,"href":"http:\/\/desarrollo.grupomedios.com\/futbol\/wp-json\/wp\/v2\/comments?post=450434"}],"version-history":[{"count":0,"href":"http:\/\/desarrollo.grupomedios.com\/futbol\/wp-json\/wp\/v2\/posts\/450434\/revisions"}],"wp:featuredmedia":[{"embeddable":true,"href":"http:\/\/desarrollo.grupomedios.com\/futbol\/wp-json\/wp\/v2\/media\/450442"}],"wp:attachment":[{"href":"http:\/\/desarrollo.grupomedios.com\/futbol\/wp-json\/wp\/v2\/media?parent=450434"}],"wp:term":[{"taxonomy":"category","embeddable":true,"href":"http:\/\/desarrollo.grupomedios.com\/futbol\/wp-json\/wp\/v2\/categories?post=450434"},{"taxonomy":"post_tag","embeddable":true,"href":"http:\/\/desarrollo.grupomedios.com\/futbol\/wp-json\/wp\/v2\/tags?post=450434"}],"curies":[{"name":"wp","href":"https:\/\/api.w.org\/{rel}","templated":true}]}}